{"id":106,"date":"2025-01-20T22:26:09","date_gmt":"2025-01-20T21:26:09","guid":{"rendered":"http:\/\/ccs.ichn.eu\/?p=106"},"modified":"2025-06-10T16:40:43","modified_gmt":"2025-06-10T14:40:43","slug":"nanjing-delegation-zu-besuch-austausch-im-bildungsbereich-zwischen-china-und-deutschland","status":"publish","type":"post","link":"http:\/\/chinesische-sprachschule-stuttgart.de\/zh_cn\/2025\/01\/20\/nanjing-delegation-zu-besuch-austausch-im-bildungsbereich-zwischen-china-und-deutschland\/","title":{"rendered":"Nanjing-Delegation zu Besuch \u2013 Austausch im Bildungsbereich zwischen China und Deutschland"},"content":{"rendered":"\n<p><\/p>\n\n\n\n<p>K\u00fcrzlich reiste eine f\u00fcnfk\u00f6pfige Delegation des Bildungs- und Kulturamts Nanjing nach Deutschland, um an einem Austausch- und Erkundungsprogramm im Bildungsbereich teilzunehmen. Durch die vorangegangene herzliche Kontaktaufnahme und Einf\u00fchrung der Stuttgarter Chinesischen Schule war der erste Stopp der Delegation der Besuch des renommierten Ferdinand Porsche Gymnasiums Zuffenhausen (kurz: Porsche Gymnasium oder FPGZ), um sich ein umfassendes Bild \u00fcber den aktuellen Stand und die Entwicklungstendenzen der Grundbildung in Deutschland zu machen. Das FPGZ ist ebenfalls der Standort, an dem die Stuttgarter Chinesische Schule jeden Samstag Unterricht anbietet. Die Delegation des Bildungs- und Kulturamts Nanjing wurde von einem f\u00fchrenden Vertreter des Amtes geleitet und umfasste F\u00fchrungskr\u00e4fte und Experten des Nanjing Instituts f\u00fcr Bildungsforschung sowie des Medienzentrums. Die Stuttgarter Chinesische Schule wurde w\u00e4hrend des gesamten Besuchs von den Schulleitern und dem Verantwortlichen der OS-Filiale begleitet.<\/p>\n\n\n\n<p>Am Vormittag des 24. Juni kam die Nanjing-Delegation, begleitet von den F\u00fchrungskr\u00e4ften der Stuttgarter Chinesischen Schule, zum FPGZ, wo sie von Schulleiter G\u00f6ser und dem Leiter des Au\u00dfenprojekts, Herrn Bacher, herzlich empfangen wurde. In den anschlie\u00dfenden vertieften Gespr\u00e4chen wurden verschiedene Aspekte wie die relevanten politischen Rahmenbedingungen f\u00fcr die Schulentwicklung, das deutsche Abschlusspr\u00fcfungsystem f\u00fcr Grund- und Sekundarschulen, Lehrstile und Managementmodelle, Lehrpl\u00e4ne, Pr\u00fcfungsverfahren, die Aufstiegsm\u00f6glichkeiten f\u00fcr Sch\u00fcler, die Bildungsbewertung sowie das Bewertungssystem f\u00fcr Lehrkr\u00e4fte umfassend er\u00f6rtert.<\/p>\n\n\n\n<p><\/p>\n","protected":false},"excerpt":{"rendered":"<p>K\u00fcrzlich reiste eine f\u00fcnfk\u00f6pfi [&hellip;]<\/p>\n","protected":false},"author":3,"featured_media":105,"comment_status":"closed","ping_status":"closed","sticky":false,"template":"","format":"standard","meta":{"_acf_changed":false,"_EventAllDay":false,"_EventTimezone":"","_EventStartDate":"","_EventEndDate":"","_EventStartDateUTC":"","_EventEndDateUTC":"","_EventShowMap":false,"_EventShowMapLink":false,"_EventURL":"","_EventCost":"","_EventCostDescription":"","_EventCurrencySymbol":"","_EventCurrencyCode":"","_EventCurrencyPosition":"","_EventDateTimeSeparator":"","_EventTimeRangeSeparator":"","_EventOrganizerID":[],"_EventVenueID":[],"_OrganizerEmail":"","_OrganizerPhone":"","_OrganizerWebsite":"","_VenueAddress":"","_VenueCity":"","_VenueCountry":"","_VenueProvince":"","_VenueState":"","_VenueZip":"","_VenuePhone":"","_VenueURL":"","_VenueStateProvince":"","_VenueLat":"","_VenueLng":"","_VenueShowMap":false,"_VenueShowMapLink":false,"_themeisle_gutenberg_block_has_review":false,"_jetpack_memberships_contains_paid_content":false,"footnotes":"","jetpack_publicize_message":"","jetpack_publicize_feature_enabled":true,"jetpack_social_post_already_shared":false,"jetpack_social_options":{"image_generator_settings":{"template":"highway","default_image_id":0,"font":"","enabled":false},"version":2}},"categories":[10],"tags":[],"class_list":["post-106","post","type-post","status-publish","format-standard","has-post-thumbnail","hentry","category-news-de"],"acf":[],"jetpack_publicize_connections":[],"jetpack_featured_media_url":"https:\/\/chinesische-sprachschule-stuttgart.de\/media\/2025\/01\/nanjingkaochatuan-2e0ac6bc.webp","jetpack_sharing_enabled":true,"jetpack-related-posts":[{"id":3275,"url":"http:\/\/chinesische-sprachschule-stuttgart.de\/zh_cn\/2025\/07\/28\/chinesische-elemente-auf-der-jahresabschlussfeier-des-porsche-gymnasiums\/","url_meta":{"origin":106,"position":0},"title":"Chinesische Elemente auf der Jahresabschlussfeier des Porsche-Gymnasiums","author":"author","date":"2025\u5e747\u670828\u65e5","format":false,"excerpt":"Abschlussfeier am Porsche-Gymnasium: Ein fr\u00f6hliche\u2026","rel":"","context":"\u5728\u201c\u6700\u65b0\u52a8\u6001-de\u201d\u4e2d","block_context":{"text":"\u6700\u65b0\u52a8\u6001-de","link":"http:\/\/chinesische-sprachschule-stuttgart.de\/zh_cn\/category\/news-de\/"},"img":{"alt_text":"","src":"https:\/\/i0.wp.com\/chinesische-sprachschule-stuttgart.de\/media\/2025\/08\/wxsync-2025-08-148435713c92957c3c1f6f578b9e08bb.webp?resize=350%2C200&ssl=1","width":350,"height":200,"srcset":"https:\/\/i0.wp.com\/chinesische-sprachschule-stuttgart.de\/media\/2025\/08\/wxsync-2025-08-148435713c92957c3c1f6f578b9e08bb.webp?resize=350%2C200&ssl=1 1x, https:\/\/i0.wp.com\/chinesische-sprachschule-stuttgart.de\/media\/2025\/08\/wxsync-2025-08-148435713c92957c3c1f6f578b9e08bb.webp?resize=525%2C300&ssl=1 1.5x, https:\/\/i0.wp.com\/chinesische-sprachschule-stuttgart.de\/media\/2025\/08\/wxsync-2025-08-148435713c92957c3c1f6f578b9e08bb.webp?resize=700%2C400&ssl=1 2x, https:\/\/i0.wp.com\/chinesische-sprachschule-stuttgart.de\/media\/2025\/08\/wxsync-2025-08-148435713c92957c3c1f6f578b9e08bb.webp?resize=1050%2C600&ssl=1 3x"},"classes":[]},{"id":4083,"url":"http:\/\/chinesische-sprachschule-stuttgart.de\/zh_cn\/2025\/11\/25\/symposium-in-stuttgart-gemeinsam-die-chinesische-bildung-beflugeln\/","url_meta":{"origin":106,"position":1},"title":"Symposium in Stuttgart: Gemeinsam die chinesische Bildung befl\u00fcgeln","author":"author","date":"2025\u5e7411\u670825\u65e5","format":false,"excerpt":"Symposium der Lehrkr\u00e4fte der Chinesischen Schulen \u2026","rel":"","context":"\u5728\u201c\u6700\u65b0\u52a8\u6001-de\u201d\u4e2d","block_context":{"text":"\u6700\u65b0\u52a8\u6001-de","link":"http:\/\/chinesische-sprachschule-stuttgart.de\/zh_cn\/category\/news-de\/"},"img":{"alt_text":"","src":"https:\/\/i0.wp.com\/chinesische-sprachschule-stuttgart.de\/media\/2025\/12\/wxsync-2025-12-0dba03194f888080a5185af839c7e92a.webp?resize=350%2C200&ssl=1","width":350,"height":200,"srcset":"https:\/\/i0.wp.com\/chinesische-sprachschule-stuttgart.de\/media\/2025\/12\/wxsync-2025-12-0dba03194f888080a5185af839c7e92a.webp?resize=350%2C200&ssl=1 1x, https:\/\/i0.wp.com\/chinesische-sprachschule-stuttgart.de\/media\/2025\/12\/wxsync-2025-12-0dba03194f888080a5185af839c7e92a.webp?resize=525%2C300&ssl=1 1.5x, https:\/\/i0.wp.com\/chinesische-sprachschule-stuttgart.de\/media\/2025\/12\/wxsync-2025-12-0dba03194f888080a5185af839c7e92a.webp?resize=700%2C400&ssl=1 2x"},"classes":[]},{"id":3716,"url":"http:\/\/chinesische-sprachschule-stuttgart.de\/zh_cn\/2025\/10\/13\/das-herbstfest-mit-seinem-tanz-im-glanz-der-farben-die-sprache-die-kleidung-und-die-kultur-der-han\/","url_meta":{"origin":106,"position":2},"title":"Das Herbstfest mit seinem Tanz im Glanz der Farben; die Sprache, die Kleidung und die Kultur der Han","author":"author","date":"2025\u5e7410\u670813\u65e5","format":false,"excerpt":"Zusammenkunft im goldenen Herbst \u00b7 Gemeinsames Fei\u2026","rel":"","context":"\u5728\u201c\u6700\u65b0\u52a8\u6001-de\u201d\u4e2d","block_context":{"text":"\u6700\u65b0\u52a8\u6001-de","link":"http:\/\/chinesische-sprachschule-stuttgart.de\/zh_cn\/category\/news-de\/"},"img":{"alt_text":"","src":"https:\/\/i0.wp.com\/chinesische-sprachschule-stuttgart.de\/media\/2025\/10\/wxsync-2025-10-3226b9b130e68abc552062c8dfcf9bd2.webp?resize=350%2C200&ssl=1","width":350,"height":200,"srcset":"https:\/\/i0.wp.com\/chinesische-sprachschule-stuttgart.de\/media\/2025\/10\/wxsync-2025-10-3226b9b130e68abc552062c8dfcf9bd2.webp?resize=350%2C200&ssl=1 1x, https:\/\/i0.wp.com\/chinesische-sprachschule-stuttgart.de\/media\/2025\/10\/wxsync-2025-10-3226b9b130e68abc552062c8dfcf9bd2.webp?resize=525%2C300&ssl=1 1.5x, https:\/\/i0.wp.com\/chinesische-sprachschule-stuttgart.de\/media\/2025\/10\/wxsync-2025-10-3226b9b130e68abc552062c8dfcf9bd2.webp?resize=700%2C400&ssl=1 2x, https:\/\/i0.wp.com\/chinesische-sprachschule-stuttgart.de\/media\/2025\/10\/wxsync-2025-10-3226b9b130e68abc552062c8dfcf9bd2.webp?resize=1050%2C600&ssl=1 3x"},"classes":[]},{"id":5273,"url":"http:\/\/chinesische-sprachschule-stuttgart.de\/zh_cn\/2026\/03\/04\/fruhlingsfest-auf-dem-tempelmarkt-in-stuttgart-chinesisches-neujahr-in-der-schule\/","url_meta":{"origin":106,"position":3},"title":"Fr\u00fchlingsfest auf dem Tempelmarkt in Stuttgart: Chinesisches Neujahr in der Schule","author":"author","date":"2026\u5e743\u67084\u65e5","format":false,"excerpt":"Neujahrstempelmarkt zum Jahr des Pferdes auf dem C\u2026","rel":"","context":"\u5728\u201c\u6700\u65b0\u52a8\u6001-de\u201d\u4e2d","block_context":{"text":"\u6700\u65b0\u52a8\u6001-de","link":"http:\/\/chinesische-sprachschule-stuttgart.de\/zh_cn\/category\/news-de\/"},"img":{"alt_text":"","src":"","width":0,"height":0},"classes":[]},{"id":1770,"url":"http:\/\/chinesische-sprachschule-stuttgart.de\/zh_cn\/2025\/05\/22\/padagogisches-seminar-2025-der-chinesischen-schule-stuttgart-erfolgreich-abgehalten\/","url_meta":{"origin":106,"position":4},"title":"P\u00e4dagogisches Seminar 2025 der Chinesischen Schule Stuttgart erfolgreich abgehalten","author":"author","date":"2025\u5e745\u670822\u65e5","format":false,"excerpt":"Vom 17. bis 18. Mai 2025 veranstaltete die Chinesi\u2026","rel":"","context":"\u5728\u201c\u6700\u65b0\u52a8\u6001-de\u201d\u4e2d","block_context":{"text":"\u6700\u65b0\u52a8\u6001-de","link":"http:\/\/chinesische-sprachschule-stuttgart.de\/zh_cn\/category\/news-de\/"},"img":{"alt_text":"","src":"https:\/\/i0.wp.com\/chinesische-sprachschule-stuttgart.de\/media\/2025\/06\/wxsync-2025-06-e6cafd3d8c6ebb54ceedadace45828fe.webp?resize=350%2C200&ssl=1","width":350,"height":200,"srcset":"https:\/\/i0.wp.com\/chinesische-sprachschule-stuttgart.de\/media\/2025\/06\/wxsync-2025-06-e6cafd3d8c6ebb54ceedadace45828fe.webp?resize=350%2C200&ssl=1 1x, https:\/\/i0.wp.com\/chinesische-sprachschule-stuttgart.de\/media\/2025\/06\/wxsync-2025-06-e6cafd3d8c6ebb54ceedadace45828fe.webp?resize=525%2C300&ssl=1 1.5x, https:\/\/i0.wp.com\/chinesische-sprachschule-stuttgart.de\/media\/2025\/06\/wxsync-2025-06-e6cafd3d8c6ebb54ceedadace45828fe.webp?resize=700%2C400&ssl=1 2x"},"classes":[]},{"id":2237,"url":"http:\/\/chinesische-sprachschule-stuttgart.de\/zh_cn\/2025\/07\/12\/stundenplan-neue-klassen-und-interessenkurse-der-chinesischen-sprachschule-stuttgart-fur-das-schuljahr-2025-2026\/","url_meta":{"origin":106,"position":5},"title":"Stundenplan, neue Klassen und Interessenkurse der Chinesischen Sprachschule Stuttgart f\u00fcr das Schuljahr 2025\/2026","author":"author","date":"2025\u5e747\u670812\u65e5","format":false,"excerpt":"Chinesische Sprachschule Stuttgart Hauptcampus: Fe\u2026","rel":"","context":"\u5728\u201c\u6700\u65b0\u52a8\u6001-de\u201d\u4e2d","block_context":{"text":"\u6700\u65b0\u52a8\u6001-de","link":"http:\/\/chinesische-sprachschule-stuttgart.de\/zh_cn\/category\/news-de\/"},"img":{"alt_text":"","src":"https:\/\/i0.wp.com\/chinesische-sprachschule-stuttgart.de\/media\/2025\/07\/wxsync-2025-07-2ab3fe5f4e63d066dc6115cc2c55328b.webp?resize=350%2C200&ssl=1","width":350,"height":200,"srcset":"https:\/\/i0.wp.com\/chinesische-sprachschule-stuttgart.de\/media\/2025\/07\/wxsync-2025-07-2ab3fe5f4e63d066dc6115cc2c55328b.webp?resize=350%2C200&ssl=1 1x, https:\/\/i0.wp.com\/chinesische-sprachschule-stuttgart.de\/media\/2025\/07\/wxsync-2025-07-2ab3fe5f4e63d066dc6115cc2c55328b.webp?resize=525%2C300&ssl=1 1.5x, https:\/\/i0.wp.com\/chinesische-sprachschule-stuttgart.de\/media\/2025\/07\/wxsync-2025-07-2ab3fe5f4e63d066dc6115cc2c55328b.webp?resize=700%2C400&ssl=1 2x"},"classes":[]}],"jetpack_shortlink":"https:\/\/wp.me\/pgAON2-1I","rttpg_featured_image_url":{"full":["https:\/\/chinesische-sprachschule-stuttgart.de\/media\/2025\/01\/nanjingkaochatuan-2e0ac6bc.webp",1024,461,false],"landscape":["https:\/\/chinesische-sprachschule-stuttgart.de\/media\/2025\/01\/nanjingkaochatuan-2e0ac6bc.webp",1024,461,false],"portraits":["https:\/\/chinesische-sprachschule-stuttgart.de\/media\/2025\/01\/nanjingkaochatuan-2e0ac6bc.webp",1024,461,false],"thumbnail":["https:\/\/chinesische-sprachschule-stuttgart.de\/media\/2025\/01\/nanjingkaochatuan-2e0ac6bc-150x150.webp",150,150,true],"medium":["https:\/\/chinesische-sprachschule-stuttgart.de\/media\/2025\/01\/nanjingkaochatuan-2e0ac6bc-300x135.webp",300,135,true],"large":["https:\/\/chinesische-sprachschule-stuttgart.de\/media\/2025\/01\/nanjingkaochatuan-2e0ac6bc.webp",1024,461,false],"1536x1536":["https:\/\/chinesische-sprachschule-stuttgart.de\/media\/2025\/01\/nanjingkaochatuan-2e0ac6bc.webp",1024,461,false],"2048x2048":["https:\/\/chinesische-sprachschule-stuttgart.de\/media\/2025\/01\/nanjingkaochatuan-2e0ac6bc.webp",1024,461,false],"trp-custom-language-flag":["https:\/\/chinesische-sprachschule-stuttgart.de\/media\/2025\/01\/nanjingkaochatuan-2e0ac6bc-18x8.webp",18,8,true]},"rttpg_author":{"display_name":"author","author_link":"http:\/\/chinesische-sprachschule-stuttgart.de\/zh_cn\/author\/author\/"},"rttpg_comment":0,"rttpg_category":"<a href=\"http:\/\/chinesische-sprachschule-stuttgart.de\/zh_cn\/category\/news-de\/\" rel=\"category tag\">\u6700\u65b0\u52a8\u6001-de<\/a>","rttpg_excerpt":"K\u00fcrzlich reiste eine f\u00fcnfk\u00f6pfi [&hellip;]","_links":{"self":[{"href":"http:\/\/chinesische-sprachschule-stuttgart.de\/zh_cn\/wp-json\/wp\/v2\/posts\/106","targetHints":{"allow":["GET"]}}],"collection":[{"href":"http:\/\/chinesische-sprachschule-stuttgart.de\/zh_cn\/wp-json\/wp\/v2\/posts"}],"about":[{"href":"http:\/\/chinesische-sprachschule-stuttgart.de\/zh_cn\/wp-json\/wp\/v2\/types\/post"}],"author":[{"embeddable":true,"href":"http:\/\/chinesische-sprachschule-stuttgart.de\/zh_cn\/wp-json\/wp\/v2\/users\/3"}],"replies":[{"embeddable":true,"href":"http:\/\/chinesische-sprachschule-stuttgart.de\/zh_cn\/wp-json\/wp\/v2\/comments?post=106"}],"version-history":[{"count":2,"href":"http:\/\/chinesische-sprachschule-stuttgart.de\/zh_cn\/wp-json\/wp\/v2\/posts\/106\/revisions"}],"predecessor-version":[{"id":287,"href":"http:\/\/chinesische-sprachschule-stuttgart.de\/zh_cn\/wp-json\/wp\/v2\/posts\/106\/revisions\/287"}],"wp:featuredmedia":[{"embeddable":true,"href":"http:\/\/chinesische-sprachschule-stuttgart.de\/zh_cn\/wp-json\/wp\/v2\/media\/105"}],"wp:attachment":[{"href":"http:\/\/chinesische-sprachschule-stuttgart.de\/zh_cn\/wp-json\/wp\/v2\/media?parent=106"}],"wp:term":[{"taxonomy":"category","embeddable":true,"href":"http:\/\/chinesische-sprachschule-stuttgart.de\/zh_cn\/wp-json\/wp\/v2\/categories?post=106"},{"taxonomy":"post_tag","embeddable":true,"href":"http:\/\/chinesische-sprachschule-stuttgart.de\/zh_cn\/wp-json\/wp\/v2\/tags?post=106"}],"curies":[{"name":"wp","href":"https:\/\/api.w.org\/{rel}","templated":true}]}}