{"id":3716,"date":"2025-10-13T16:55:00","date_gmt":"2025-10-13T14:55:00","guid":{"rendered":"https:\/\/chinesische-sprachschule-stuttgart.de\/?p=3716"},"modified":"2025-10-16T09:33:28","modified_gmt":"2025-10-16T07:33:28","slug":"das-herbstfest-mit-seinem-tanz-im-glanz-der-farben-die-sprache-die-kleidung-und-die-kultur-der-han","status":"publish","type":"post","link":"http:\/\/chinesische-sprachschule-stuttgart.de\/de_de\/2025\/10\/13\/das-herbstfest-mit-seinem-tanz-im-glanz-der-farben-die-sprache-die-kleidung-und-die-kultur-der-han\/","title":{"rendered":"Das Herbstfest mit seinem Tanz im Glanz der Farben; die Sprache, die Kleidung und die Kultur der Han"},"content":{"rendered":"<div class=\"wxsyncmain\">\n<section>\n<section style=\"margin: 5px 0px 0px;\">\n<section style=\"text-align: center; font-size: 14px;\" data-pm-slice=\"4 4 [&quot;para&quot;,{&quot;tagName&quot;:&quot;section&quot;,&quot;attributes&quot;:{},&quot;namespaceURI&quot;:&quot;http:\/\/www.w3.org\/1999\/xhtml&quot;},&quot;para&quot;,{&quot;tagName&quot;:&quot;section&quot;,&quot;attributes&quot;:{},&quot;namespaceURI&quot;:&quot;http:\/\/www.w3.org\/1999\/xhtml&quot;},&quot;para&quot;,{&quot;tagName&quot;:&quot;section&quot;,&quot;attributes&quot;:{&quot;style&quot;:&quot;box-sizing: border-box;font-style: normal;font-weight: 400;text-align: justify;font-size: 16px;color: rgb(62, 62, 62);&quot;,&quot;data-pm-slice&quot;:&quot;0 0 []&quot;},&quot;namespaceURI&quot;:&quot;http:\/\/www.w3.org\/1999\/xhtml&quot;},&quot;para&quot;,{&quot;tagName&quot;:&quot;section&quot;,&quot;attributes&quot;:{&quot;style&quot;:&quot;margin: 5px 0px 0px;box-sizing: border-box;&quot;},&quot;namespaceURI&quot;:&quot;http:\/\/www.w3.org\/1999\/xhtml&quot;}]\">\n<section style=\"font-style: normal; font-weight: 400; text-align: justify; font-size: 16px;\" data-pm-slice=\"0 0 []\">\n<section style=\"text-align: center; font-size: 14px;\" data-pm-slice=\"4 4 [&quot;para&quot;,{&quot;tagName&quot;:&quot;section&quot;,&quot;attributes&quot;:{},&quot;namespaceURI&quot;:&quot;http:\/\/www.w3.org\/1999\/xhtml&quot;},&quot;para&quot;,{&quot;tagName&quot;:&quot;section&quot;,&quot;attributes&quot;:{},&quot;namespaceURI&quot;:&quot;http:\/\/www.w3.org\/1999\/xhtml&quot;},&quot;para&quot;,{&quot;tagName&quot;:&quot;section&quot;,&quot;attributes&quot;:{&quot;style&quot;:&quot;box-sizing: border-box;font-style: normal;font-weight: 400;text-align: justify;font-size: 16px;color: rgb(62, 62, 62);&quot;,&quot;data-pm-slice&quot;:&quot;0 0 []&quot;},&quot;namespaceURI&quot;:&quot;http:\/\/www.w3.org\/1999\/xhtml&quot;},&quot;para&quot;,{&quot;tagName&quot;:&quot;section&quot;,&quot;attributes&quot;:{&quot;style&quot;:&quot;margin: 5px 0px 0px;box-sizing: border-box;&quot;},&quot;namespaceURI&quot;:&quot;http:\/\/www.w3.org\/1999\/xhtml&quot;}]\">\n<section data-pm-slice=\"0 0 []\">\n<section>\n<section>\n<section>\n<section style=\"margin: 5px 0px 0px;\">\n<section style=\"text-align: center; font-size: 14px;\" data-pm-slice=\"4 4 [&quot;para&quot;,{&quot;tagName&quot;:&quot;section&quot;,&quot;attributes&quot;:{},&quot;namespaceURI&quot;:&quot;http:\/\/www.w3.org\/1999\/xhtml&quot;},&quot;para&quot;,{&quot;tagName&quot;:&quot;section&quot;,&quot;attributes&quot;:{},&quot;namespaceURI&quot;:&quot;http:\/\/www.w3.org\/1999\/xhtml&quot;},&quot;para&quot;,{&quot;tagName&quot;:&quot;section&quot;,&quot;attributes&quot;:{&quot;style&quot;:&quot;box-sizing: border-box;font-style: normal;font-weight: 400;text-align: justify;font-size: 16px;color: rgb(62, 62, 62);&quot;,&quot;data-pm-slice&quot;:&quot;0 0 []&quot;},&quot;namespaceURI&quot;:&quot;http:\/\/www.w3.org\/1999\/xhtml&quot;},&quot;para&quot;,{&quot;tagName&quot;:&quot;section&quot;,&quot;attributes&quot;:{&quot;style&quot;:&quot;margin: 5px 0px 0px;box-sizing: border-box;&quot;},&quot;namespaceURI&quot;:&quot;http:\/\/www.w3.org\/1999\/xhtml&quot;}]\">\n<section style=\"font-style: normal; font-weight: 400; text-align: justify; font-size: 16px;\" data-pm-slice=\"0 0 []\">\n<section style=\"text-align: center; font-size: 14px;\" data-pm-slice=\"8 3 [&quot;para&quot;,{&quot;tagName&quot;:&quot;section&quot;,&quot;attributes&quot;:{},&quot;namespaceURI&quot;:&quot;http:\/\/www.w3.org\/1999\/xhtml&quot;},&quot;para&quot;,{&quot;tagName&quot;:&quot;section&quot;,&quot;attributes&quot;:{&quot;style&quot;:&quot;margin: 5px 0px 0px;box-sizing: border-box;&quot;},&quot;namespaceURI&quot;:&quot;http:\/\/www.w3.org\/1999\/xhtml&quot;},&quot;para&quot;,{&quot;tagName&quot;:&quot;section&quot;,&quot;attributes&quot;:{&quot;style&quot;:&quot;text-align: center;font-size: 14px;box-sizing: border-box;&quot;,&quot;data-pm-slice&quot;:&quot;4 4 [&quot;para&quot;,{&quot;tagName&quot;:&quot;section&quot;,&quot;attributes&quot;:{},&quot;namespaceURI&quot;:&quot;http:\/\/www.w3.org\/1999\/xhtml&quot;},&quot;para&quot;,{&quot;tagName&quot;:&quot;section&quot;,&quot;attributes&quot;:{},&quot;namespaceURI&quot;:&quot;http:\/\/www.w3.org\/1999\/xhtml&quot;},&quot;para&quot;,{&quot;tagName&quot;:&quot;section&quot;,&quot;attributes&quot;:{&quot;style&quot;:&quot;box-sizing: border-box;font-style: normal;font-weight: 400;text-align: justify;font-size: 16px;color: rgb(62, 62, 62);&quot;,&quot;data-pm-slice&quot;:&quot;0 0 []&quot;},&quot;namespaceURI&quot;:&quot;http:\/\/www.w3.org\/1999\/xhtml&quot;},&quot;para&quot;,{&quot;tagName&quot;:&quot;section&quot;,&quot;attributes&quot;:{&quot;style&quot;:&quot;margin: 5px 0px 0px;box-sizing: border-box;&quot;},&quot;namespaceURI&quot;:&quot;http:\/\/www.w3.org\/1999\/xhtml&quot;}]&quot;},&quot;namespaceURI&quot;:&quot;http:\/\/www.w3.org\/1999\/xhtml&quot;},&quot;para&quot;,{&quot;tagName&quot;:&quot;section&quot;,&quot;attributes&quot;:{&quot;style&quot;:&quot;box-sizing: border-box;font-style: normal;font-weight: 400;text-align: justify;font-size: 16px;color: rgb(62, 62, 62);&quot;,&quot;data-pm-slice&quot;:&quot;0 0 []&quot;},&quot;namespaceURI&quot;:&quot;http:\/\/www.w3.org\/1999\/xhtml&quot;}]\">\n<section data-pm-slice=\"0 0 []\">\n<section>\n<section style=\"text-align: center; text-indent: 0px;\"><strong><span style=\"font-size: 17px; , arial, sans-serif;line-height: 1.6; letter-spacing: 0.034em; font-style: normal; font-weight: normal;\" data-lazy-bgimg=\"https:\/\/mmbiz.qpic.cn\/mmbiz_png\/MPS72cibJRUAFDgSwQaXtsZ1TlT8a01BqnA42v8dibpicfDBr2EMaV35Y6mnLkIlyw9olVVH32MjXqZ6ho9aA2DYA\/640?wx_fmt=png&amp;from=appmsg&amp;wxfrom=5&amp;wx_lazy=1\" data-fail=\"0\"><span style=\"font-size: 18px; font-weight: bold;\">Zusammenkunft im goldenen Herbst \u00b7 Gemeinsames Feiern der Feste<\/span><\/span><\/strong><\/section>\n<\/section>\n<\/section>\n<p style=\"text-align: center; text-indent: 0px;\"><span style=\"font-size: 17px; , arial, sans-serif;line-height: 1.6; letter-spacing: 0.034em; font-style: normal; font-weight: normal;\"><span style=\"font-size: 15px;\">Drei Erwachsenen-Chinesischkurse und drei Tanzgruppen der Chinesischen Schule Stuttgart feiern das Mondfest und pr\u00e4sentieren die Sch\u00f6nheit der chinesischen Kultur<\/span><\/span><\/p>\n<\/section>\n<\/section>\n<\/section>\n<\/section>\n<\/section>\n<\/section>\n<\/section>\n<\/section>\n<p style=\"text-align: justify; text-indent: 2em;\">\n<p style=\"text-align: justify; text-indent: 2em; margin-bottom: 24px;\"><span style=\"font-size: 17px; , arial, sans-serif;line-height: 1.6; letter-spacing: 0.034em; font-style: normal; font-weight: normal;\">Der goldene Herbst im Oktober ist eine Zeit der Feste. Die Nachwirkungen des chinesischen Nationalfeiertags am 1. Oktober, des Tags der Deutschen Einheit am 3. Oktober und des Mondfestes am 6. Oktober waren noch sp\u00fcrbar, als die Sonne und die farbenpr\u00e4chtigen Wolken des Wochenendes am 11. Oktober Stuttgart in ein sanftes goldenes Licht tauchten. Die festliche Freude und die Sch\u00f6nheit des Herbstes erg\u00e4nzten sich perfekt. In den Klassenzimmern lasen die Sch\u00fcler laut vor, auf dem Sportplatz trainierten die Eltern flei\u00dfig \u2013 Lehrer und Sch\u00fcler der Chinesischen Schule Stuttgart setzten die Feierlichkeiten auf ihre eigene Weise fort und sp\u00fcrten die W\u00e4rme und den Charme der chinesischen Kultur.<\/span><\/p>\n<section style=\"font-style: normal; font-weight: 400; text-align: justify; font-size: 16px;\" data-pm-slice=\"0 0 []\">\n<section style=\"text-align: center; margin-top: 10px; margin-bottom: 10px; line-height: 0;\">\n<section style=\"vertical-align: middle; display: inline-block; line-height: 0; width: 85%; height: auto;\"><img decoding=\"async\" class=\"rich_pages wxw-img\" style=\"vertical-align: middle; max-width: 100%; width: 100%;\" src=\"https:\/\/chinesische-sprachschule-stuttgart.de\/media\/2025\/10\/wxsync-2025-10-c3167327aa0bf88527b0116961d22769.webp\" data-ratio=\"0.6018518518518519\" data-s=\"300,640\" data-type=\"jpeg\" data-w=\"1080\" data-imgfileid=\"502188902\" alt=\"\" title=\"\"><\/section>\n<\/section>\n<section style=\"text-align: center; margin-top: 10px; margin-bottom: 10px; line-height: 0;\">\n<section style=\"max-width: 100%; vertical-align: middle; display: inline-block; line-height: 0; width: 85%; height: auto;\"><img decoding=\"async\" class=\"rich_pages wxw-img\" style=\"vertical-align: middle; max-width: 100%; width: 100%;\" src=\"https:\/\/chinesische-sprachschule-stuttgart.de\/media\/2025\/10\/wxsync-2025-10-1399f95828887f0e8d5b21df032cf256.webp\" data-ratio=\"0.5675925925925925\" data-s=\"300,640\" data-type=\"jpeg\" data-w=\"1080\" data-imgfileid=\"502188903\" alt=\"\" title=\"\"><\/section>\n<\/section>\n<section style=\"text-align: center; font-size: 14px;\">\n<p style=\"margin: 0px 0px 24px; padding: 0px;\"><em>Herbstliche Szenerie auf dem Campus<\/em><\/p>\n<\/section>\n<\/section>\n<section style=\"margin-bottom: 8px; text-align: justify; text-indent: 2em;\"><span style=\"font-size: 17px;\">Der Herbst war in vollem Gange, und der Duft von Osmanthusbl\u00fcten lag in der Luft. Nach zwei Chinesischstunden veranstalteten die drei Erwachsenenkurse der Schule eine besondere Mondfest-Feier im Klassenzimmer.<\/span><span style=\"font-size: 17px; font-style: normal;\"> Die Lehrer hatten sorgf\u00e4ltig Mondkuchen in verschiedenen Geschmacksrichtungen vorbereitet \u2013 von traditionellen chinesischen Sorten wie Lotuspaste, rote Bohnenpaste, F\u00fcnf-Kerne und Schneehaut-Mondkuchen bis hin zu selbstgemachten Mondkuchen mit Fleischf\u00fcllung. Die Sch\u00fcler konnten sich den Bauch vollschlagen und gleichzeitig die traditionelle chinesische Kultur erleben.<\/span><span style=\"font-size: 17px;\"> In der herzlichen festlichen Atmosph\u00e4re trugen die Lehrer und Sch\u00fcler der Erwachsenenkurse elegante Hanfu-Kleidung, kosteten Mondkuchen und feierten gemeinsam das Mondfest,<\/span><span style=\"font-size: 17px;\"> und erlebten inmitten von Lachen und Fr\u00f6hlichkeit den Zauber dieses traditionellen Festes.<\/span><\/section>\n<section style=\"font-style: normal; font-weight: 400; text-align: justify; font-size: 16px;\" data-pm-slice=\"0 0 []\">\n<section>\n<section style=\"font-size: 17px; , arial, sans-serif;line-height: 1.6; letter-spacing: 0.034em; font-style: normal; font-weight: normal; text-indent: 0px; margin-top: 24px;\"><img decoding=\"async\" class=\"rich_pages wxw-img\" style=\"vertical-align: middle; max-width: 100%; width: 100%;\" src=\"https:\/\/chinesische-sprachschule-stuttgart.de\/media\/2025\/10\/wxsync-2025-10-61acbc35d0810d846be0ca775cebd30d.webp\" data-ratio=\"0.6\" data-s=\"300,640\" data-type=\"jpeg\" data-w=\"1080\" data-imgfileid=\"502188906\" alt=\"\" title=\"\"><\/section>\n<\/section>\n<section style=\"text-align: center; font-size: 14px;\">\n<p style=\"margin: 8px 0px 24px; padding: 0px;\"><em>Ein Teil der Lehrer und Sch\u00fcler, die an der Mondfest-Feier teilnahmen, auf einem Gruppenfoto<\/em><\/p>\n<\/section>\n<\/section>\n<section style=\"font-style: normal; font-weight: 400; text-align: justify; font-size: 16px;\" data-pm-slice=\"0 0 []\">\n<section style=\"margin: 10px 0%; text-align: left; justify-content: flex-start; display: flex; flex-flow: row;\">\n<section style=\"display: inline-block; vertical-align: middle; width: 50%; padding: 0px 5px 0px 0px; align-self: center; flex: 0 0 auto;\">\n<section style=\"text-align: center; margin: 0px 0%; line-height: 0;\">\n<section style=\"max-width: 100%; vertical-align: middle; display: inline-block; line-height: 0;\"><img decoding=\"async\" class=\"rich_pages wxw-img\" style=\"vertical-align: middle; max-width: 100%; width: 100%;\" src=\"https:\/\/chinesische-sprachschule-stuttgart.de\/media\/2025\/10\/wxsync-2025-10-6bd76d470548c1fe29551138d73a945f.webp\" data-ratio=\"1.0583333333333333\" data-s=\"300,640\" data-type=\"jpeg\" data-w=\"1080\" data-imgfileid=\"502188922\" alt=\"\" title=\"\"><\/section>\n<\/section>\n<\/section>\n<section style=\"display: inline-block; vertical-align: middle; width: 50%; padding: 0px 0px 0px 5px; align-self: center; flex: 0 0 auto;\">\n<section style=\"text-align: center; margin: 0px 0%; line-height: 0;\">\n<section style=\"max-width: 100%; vertical-align: middle; display: inline-block; line-height: 0;\"><img decoding=\"async\" class=\"rich_pages wxw-img\" style=\"vertical-align: middle; max-width: 100%; width: 100%;\" src=\"https:\/\/chinesische-sprachschule-stuttgart.de\/media\/2025\/10\/wxsync-2025-10-102c484617a60816cb09ca9e6297286a.webp\" data-ratio=\"1.0638888888888889\" data-s=\"300,640\" data-type=\"jpeg\" data-w=\"1080\" data-imgfileid=\"502188921\" alt=\"\" title=\"\"><\/section>\n<\/section>\n<\/section>\n<\/section>\n<section style=\"text-align: center; font-size: 14px;\">\n<p style=\"margin: 0px; padding: 0px;\"><em>W\u00e4hrend der Mondfest-Feier<\/em><\/p>\n<\/section>\n<section style=\"margin: 5px 0px 0px;\">\n<section style=\"text-align: center; font-size: 14px;\" data-pm-slice=\"4 4 [&quot;para&quot;,{&quot;tagName&quot;:&quot;section&quot;,&quot;attributes&quot;:{},&quot;namespaceURI&quot;:&quot;http:\/\/www.w3.org\/1999\/xhtml&quot;},&quot;para&quot;,{&quot;tagName&quot;:&quot;section&quot;,&quot;attributes&quot;:{},&quot;namespaceURI&quot;:&quot;http:\/\/www.w3.org\/1999\/xhtml&quot;},&quot;para&quot;,{&quot;tagName&quot;:&quot;section&quot;,&quot;attributes&quot;:{&quot;style&quot;:&quot;box-sizing: border-box;font-style: normal;font-weight: 400;text-align: justify;font-size: 16px;color: rgb(62, 62, 62);&quot;,&quot;data-pm-slice&quot;:&quot;0 0 []&quot;},&quot;namespaceURI&quot;:&quot;http:\/\/www.w3.org\/1999\/xhtml&quot;},&quot;para&quot;,{&quot;tagName&quot;:&quot;section&quot;,&quot;attributes&quot;:{&quot;style&quot;:&quot;margin: 5px 0px 0px;box-sizing: border-box;&quot;},&quot;namespaceURI&quot;:&quot;http:\/\/www.w3.org\/1999\/xhtml&quot;}]\">\n<section style=\"font-style: normal; font-weight: 400; text-align: justify; font-size: 16px;\" data-pm-slice=\"0 0 []\">\n<section style=\"text-align: center; font-size: 14px;\" data-pm-slice=\"4 8 [&quot;para&quot;,{&quot;tagName&quot;:&quot;section&quot;,&quot;attributes&quot;:{},&quot;namespaceURI&quot;:&quot;http:\/\/www.w3.org\/1999\/xhtml&quot;},&quot;para&quot;,{&quot;tagName&quot;:&quot;section&quot;,&quot;attributes&quot;:{&quot;style&quot;:&quot;margin: 5px 0px 0px;box-sizing: border-box;&quot;},&quot;namespaceURI&quot;:&quot;http:\/\/www.w3.org\/1999\/xhtml&quot;},&quot;para&quot;,{&quot;tagName&quot;:&quot;section&quot;,&quot;attributes&quot;:{&quot;style&quot;:&quot;text-align: center;font-size: 14px;box-sizing: border-box;&quot;,&quot;data-pm-slice&quot;:&quot;4 4 [&quot;para&quot;,{&quot;tagName&quot;:&quot;section&quot;,&quot;attributes&quot;:{},&quot;namespaceURI&quot;:&quot;http:\/\/www.w3.org\/1999\/xhtml&quot;},&quot;para&quot;,{&quot;tagName&quot;:&quot;section&quot;,&quot;attributes&quot;:{},&quot;namespaceURI&quot;:&quot;http:\/\/www.w3.org\/1999\/xhtml&quot;},&quot;para&quot;,{&quot;tagName&quot;:&quot;section&quot;,&quot;attributes&quot;:{&quot;style&quot;:&quot;box-sizing: border-box;font-style: normal;font-weight: 400;text-align: justify;font-size: 16px;color: rgb(62, 62, 62);&quot;,&quot;data-pm-slice&quot;:&quot;0 0 []&quot;},&quot;namespaceURI&quot;:&quot;http:\/\/www.w3.org\/1999\/xhtml&quot;},&quot;para&quot;,{&quot;tagName&quot;:&quot;section&quot;,&quot;attributes&quot;:{&quot;style&quot;:&quot;margin: 5px 0px 0px;box-sizing: border-box;&quot;},&quot;namespaceURI&quot;:&quot;http:\/\/www.w3.org\/1999\/xhtml&quot;}]&quot;},&quot;namespaceURI&quot;:&quot;http:\/\/www.w3.org\/1999\/xhtml&quot;},&quot;para&quot;,{&quot;tagName&quot;:&quot;section&quot;,&quot;attributes&quot;:{&quot;style&quot;:&quot;box-sizing: border-box;font-style: normal;font-weight: 400;text-align: justify;font-size: 16px;color: rgb(62, 62, 62);&quot;,&quot;data-pm-slice&quot;:&quot;0 0 []&quot;},&quot;namespaceURI&quot;:&quot;http:\/\/www.w3.org\/1999\/xhtml&quot;}]\">\n<section style=\"margin-bottom: 24px; margin-top: 24px; text-align: justify; text-indent: 2em;\"><em><span style=\"font-size: 17px; , arial, sans-serif;line-height: 1.6; letter-spacing: 0.034em; font-style: normal; font-weight: normal;\">Die Atmosph\u00e4re bei der Veranstaltung war lebhaft und herzlich. Unter Anleitung der Lehrer tauschten alle festliche Gr\u00fc\u00dfe aus.<\/span><\/em><span style=\"font-size: 17px;\"> Die vielf\u00e4ltigen traditionellen Hanfu-Gew\u00e4nder mit ihren weiten \u00c4rmeln und langen R\u00f6cken flatterten im Wind und verwoben sich unter der Herbstsonne zu einem bewegenden Bild.<\/span><\/section>\n<section style=\"font-style: normal; font-weight: 400; text-align: justify; font-size: 16px;\" data-pm-slice=\"0 0 []\">\n<section style=\"margin: 10px 0px;\">\n<section style=\"display: flex; width: 100%; flex-flow: column;\">\n<section style=\"z-index: 2;\">\n<section style=\"text-align: left; justify-content: flex-start; display: flex; flex-flow: row; margin: 0px 0px -20px;\">\n<section style=\"display: inline-block; vertical-align: top; width: auto; align-self: flex-start; flex: 0 0 auto; min-width: 5%; max-width: 100%; height: auto;\">\n<section>\n<section style=\"text-align: right; margin: 0px 0px -80px; line-height: 0;\">\n<section style=\"max-width: 100%; vertical-align: middle; display: inline-block; line-height: 0; width: 112px; height: auto;\"><img decoding=\"async\" class=\"rich_pages wxw-img\" style=\"vertical-align: middle; max-width: 100%; width: 100%;\" src=\"https:\/\/chinesische-sprachschule-stuttgart.de\/media\/2025\/10\/wxsync-2025-10-8bec4bc155467049c7ca6168c342fdaf.webp\" data-ratio=\"0.726\" data-s=\"300,640\" data-type=\"png\" data-w=\"500\" data-imgfileid=\"502188916\" alt=\"\" title=\"\"><\/section>\n<\/section>\n<\/section>\n<\/section>\n<section style=\"display: inline-block; vertical-align: top; width: auto; align-self: flex-start; flex: 0 0 auto; min-width: 5%; max-width: 100%; height: auto;\">\n<section style=\"text-align: center; margin: 10px 0px 0px; line-height: 0;\">\n<section style=\"max-width: 100%; vertical-align: middle; display: inline-block; line-height: 0; width: 41px; height: auto;\"><img decoding=\"async\" class=\"rich_pages wxw-img\" style=\"vertical-align: middle; max-width: 100%; width: 100%;\" src=\"https:\/\/chinesische-sprachschule-stuttgart.de\/media\/2025\/10\/wxsync-2025-10-4db37693f717ae9a5ba3af975fa0bde9.webp\" data-ratio=\"0.872\" data-s=\"300,640\" data-type=\"png\" data-w=\"500\" data-imgfileid=\"502188914\" alt=\"\" title=\"\"><\/section>\n<\/section>\n<\/section>\n<section style=\"display: inline-block; vertical-align: top; width: auto; align-self: flex-start; flex: 0 0 auto; min-width: 5%; max-width: 100%; height: auto; padding: 0px 0px 0px 9px;\"><\/section>\n<\/section>\n<\/section>\n<\/section>\n<\/section>\n<section style=\"display: flex; flex-flow: row; text-align: left; justify-content: flex-start; margin: 0px;\">\n<section style=\"display: inline-block; width: auto; vertical-align: top; flex: 100 100 0%; align-self: flex-start; height: auto; line-height: 0;\">\n<section style=\"text-align: center; margin: 0px 0px -1px;\">\n<section style=\"display: inline-block; width: 96%; height: 12px; vertical-align: top; overflow: hidden; border-width: 1px; border-top-left-radius: 16px; border-style: solid solid none; border-top-right-radius: 16px; border-bottom-right-radius: 0px;\"><\/section>\n<\/section>\n<\/section>\n<\/section>\n<section style=\"text-align: left; justify-content: flex-start; display: flex; flex-flow: row;\">\n<section style=\"display: inline-block; width: 100%; vertical-align: top; border-width: 1px; border-radius: 10px; border-style: solid; overflow: hidden; align-self: flex-start; flex: 0 0 auto; padding: 7px 25px;\">\n<section style=\"text-align: center; margin: 20px 0px; line-height: 0;\">\n<section style=\"max-width: 100%; vertical-align: middle; display: inline-block; line-height: 0; border-radius: 6px; overflow: hidden; width: 100%; height: auto;\"><img decoding=\"async\" class=\"rich_pages wxw-img\" style=\"vertical-align: middle; max-width: 100%; width: 100%;\" src=\"https:\/\/chinesische-sprachschule-stuttgart.de\/media\/2025\/10\/wxsync-2025-10-4a923f464bd06b426c669ccd66737948.webp\" data-ratio=\"0.5990740740740741\" data-s=\"300,640\" data-type=\"jpeg\" data-w=\"1080\" data-imgfileid=\"502188913\" alt=\"\" title=\"\"><\/section>\n<\/section>\n<section style=\"text-align: center; margin-top: 10px; margin-bottom: 10px; line-height: 0;\">\n<section style=\"max-width: 100%; vertical-align: middle; display: inline-block; line-height: 0;\"><img decoding=\"async\" class=\"rich_pages wxw-img\" style=\"vertical-align: middle; max-width: 100%; width: 100%;\" src=\"https:\/\/chinesische-sprachschule-stuttgart.de\/media\/2025\/10\/wxsync-2025-10-1289dc9f811e56125da8a37fc46f2278.webp\" data-ratio=\"0.7502930832356389\" data-s=\"300,640\" data-type=\"jpeg\" data-w=\"1706\" data-imgfileid=\"502188917\" alt=\"\" title=\"\"><\/section>\n<\/section>\n<section style=\"text-align: center; margin-top: 10px; margin-bottom: 10px; line-height: 0;\">\n<section style=\"max-width: 100%; vertical-align: middle; display: inline-block; line-height: 0;\"><img decoding=\"async\" class=\"rich_pages wxw-img\" style=\"vertical-align: middle; max-width: 100%; width: 100%;\" src=\"https:\/\/chinesische-sprachschule-stuttgart.de\/media\/2025\/10\/wxsync-2025-10-e187ab46612f6e4671b40cdd5d6eb8ce.webp\" data-ratio=\"0.7502930832356389\" data-s=\"300,640\" data-type=\"jpeg\" data-w=\"1706\" data-imgfileid=\"502188915\" alt=\"\" title=\"\"><\/section>\n<\/section>\n<section style=\"text-align: center; margin-top: 10px; margin-bottom: 10px; line-height: 0;\">\n<section style=\"max-width: 100%; vertical-align: middle; display: inline-block; line-height: 0; margin-bottom: 0px;\"><img decoding=\"async\" class=\"rich_pages wxw-img\" style=\"vertical-align: middle; max-width: 100%; width: 100%;\" src=\"https:\/\/chinesische-sprachschule-stuttgart.de\/media\/2025\/10\/wxsync-2025-10-c56f6a4de4ff169b5bd6dc8051ecc51e.webp\" data-ratio=\"0.6083333333333333\" data-s=\"300,640\" data-type=\"jpeg\" data-w=\"1080\" data-imgfileid=\"502188918\" alt=\"\" title=\"\"><\/section>\n<\/section>\n<\/section>\n<\/section>\n<section>\n<section style=\"display: flex; flex-flow: row; text-align: left; justify-content: flex-start; margin: 0px 0px 13px;\">\n<section style=\"display: inline-block; width: auto; vertical-align: top; flex: 100 100 0%; align-self: flex-start; height: auto; line-height: 0;\">\n<section style=\"text-align: center; margin: 0px 0% -1px;\">\n<section style=\"display: inline-block; width: 96%; height: 12px; vertical-align: top; overflow: hidden; border-width: 1px; border-top-left-radius: 16px; border-style: solid solid none; border-top-right-radius: 16px; border-bottom-right-radius: 0px;\"><\/section>\n<\/section>\n<\/section>\n<\/section>\n<\/section>\n<section style=\"text-align: center; font-size: 14px;\">\n<p style=\"margin-bottom: 24px; margin-top: 0px;\"><em><span style=\"font-size: 17px; , arial, sans-serif;line-height: 1.6; letter-spacing: 0.034em; font-style: normal; font-weight: normal;\"><span style=\"font-size: 14px; font-style: italic;\">Feier des Mondfestes in Hanfu-Kleidung<\/span><\/span><\/em><\/p>\n<p style=\"text-align: justify; text-indent: 2em;\"><em><span style=\"font-size: 17px; , arial, sans-serif;line-height: 1.6; letter-spacing: 0.034em; font-style: normal; font-weight: normal;\">Die an der Veranstaltung teilnehmenden Sch\u00fcler kamen aus vielen verschiedenen L\u00e4ndern und waren voller Begeisterung f\u00fcr die chinesische Sprache und Kultur. Neben dem Chinesischlernen besch\u00e4ftigten sie sich aktiv mit der Geschichte, Literatur und den Volksbr\u00e4uchen Chinas. Einige Sch\u00fcler reisten diesen Sommer sogar nach Shenyang, um an einem einw\u00f6chigen Sommercamp teilzunehmen und die Sprache und Kultur Chinas hautnah zu erleben.<\/span><span style=\", arial, sans-serif;font-size: 17px; font-style: normal; font-weight: 400; letter-spacing: 0.578px; text-align: justify; text-indent: 34px; text-transform: none; display: inline !important; float: none;\" data-pm-slice=\"0 0 []\"> Die Chinesische Schule Stuttgart hat derzeit drei Pr\u00e4senzkurse f\u00fcr Erwachsene (Klassenlehrer: Chen Yu, Chen Weiwei, Zhou Ming) sowie einen Online-Kurs (Lehrer: Zhou Ming). Durch die Kombination von Online- und Pr\u00e4senzunterricht lernen sie Chinesisch, verstehen die chinesische Kultur und nehmen an den verschiedenen kulturellen Aktivit\u00e4ten der Schule teil.<\/span><\/em><\/p>\n<p style=\"text-align: justify; text-indent: 2em;\">\n<section style=\"font-size: 14px;\" data-pm-slice=\"4 3 [&quot;para&quot;,{&quot;tagName&quot;:&quot;section&quot;,&quot;attributes&quot;:{},&quot;namespaceURI&quot;:&quot;http:\/\/www.w3.org\/1999\/xhtml&quot;},&quot;para&quot;,{&quot;tagName&quot;:&quot;section&quot;,&quot;attributes&quot;:{&quot;style&quot;:&quot;margin: 5px 0px 0px;box-sizing: border-box;&quot;},&quot;namespaceURI&quot;:&quot;http:\/\/www.w3.org\/1999\/xhtml&quot;},&quot;para&quot;,{&quot;tagName&quot;:&quot;section&quot;,&quot;attributes&quot;:{&quot;style&quot;:&quot;text-align: center;font-size: 14px;box-sizing: border-box;&quot;,&quot;data-pm-slice&quot;:&quot;4 4 [&quot;para&quot;,{&quot;tagName&quot;:&quot;section&quot;,&quot;attributes&quot;:{},&quot;namespaceURI&quot;:&quot;http:\/\/www.w3.org\/1999\/xhtml&quot;},&quot;para&quot;,{&quot;tagName&quot;:&quot;section&quot;,&quot;attributes&quot;:{},&quot;namespaceURI&quot;:&quot;http:\/\/www.w3.org\/1999\/xhtml&quot;},&quot;para&quot;,{&quot;tagName&quot;:&quot;section&quot;,&quot;attributes&quot;:{&quot;style&quot;:&quot;box-sizing: border-box;font-style: normal;font-weight: 400;text-align: justify;font-size: 16px;color: rgb(62, 62, 62);&quot;,&quot;data-pm-slice&quot;:&quot;0 0 []&quot;},&quot;namespaceURI&quot;:&quot;http:\/\/www.w3.org\/1999\/xhtml&quot;},&quot;para&quot;,{&quot;tagName&quot;:&quot;section&quot;,&quot;attributes&quot;:{&quot;style&quot;:&quot;margin: 5px 0px 0px;box-sizing: border-box;&quot;},&quot;namespaceURI&quot;:&quot;http:\/\/www.w3.org\/1999\/xhtml&quot;}]&quot;},&quot;namespaceURI&quot;:&quot;http:\/\/www.w3.org\/1999\/xhtml&quot;},&quot;para&quot;,{&quot;tagName&quot;:&quot;section&quot;,&quot;attributes&quot;:{&quot;style&quot;:&quot;box-sizing: border-box;font-style: normal;font-weight: 400;text-align: justify;font-size: 16px;color: rgb(62, 62, 62);&quot;,&quot;data-pm-slice&quot;:&quot;0 0 []&quot;},&quot;namespaceURI&quot;:&quot;http:\/\/www.w3.org\/1999\/xhtml&quot;}]\">\n<section style=\"font-style: normal; font-weight: 400; text-align: justify; font-size: 16px;\" data-pm-slice=\"0 0 []\">\n<section style=\"text-align: center; justify-content: center; display: flex; flex-flow: row; margin: 10px 0px;\">\n<section style=\"display: inline-block; vertical-align: middle; width: auto; min-width: 5%; max-width: 100%; flex: 0 0 auto; height: auto; align-self: center; margin: 0px -21px 0px 0px;\">\n<section style=\"display: flex; width: 100%; flex-flow: column;\">\n<section style=\"z-index: 1;\">\n<section style=\"margin: 0px; line-height: 0;\">\n<section style=\"max-width: 100%; vertical-align: middle; display: inline-block; line-height: 0; width: 34px; height: auto;\"><img decoding=\"async\" class=\"rich_pages wxw-img\" style=\"vertical-align: middle; max-width: 100%; width: 100%;\" src=\"https:\/\/chinesische-sprachschule-stuttgart.de\/media\/2025\/10\/wxsync-2025-10-9022c823683ac572e21b6e73a8c127ab.webp\" data-ratio=\"0.884\" data-s=\"300,640\" data-type=\"png\" data-w=\"500\" data-imgfileid=\"502188943\" alt=\"\" title=\"\"><\/section>\n<\/section>\n<\/section>\n<\/section>\n<\/section>\n<section style=\"display: inline-block; vertical-align: middle; width: auto; align-self: center; flex: 0 0 auto; border-style: solid; border-width: 7px; border-radius: 58px; overflow: hidden; min-width: 5%; max-width: 100%; height: auto; padding: 5px 22px;\">\n<section style=\"text-align: justify; font-size: 14px;\">\n<p style=\"margin: 0px; padding: 0px;\"><span style=\"font-size: 16px; font-weight: bold;\">Drei Tanzgruppen treten beim Roten Herbstfest auf<\/span><\/p>\n<\/section>\n<\/section>\n<\/section>\n<\/section>\n<p style=\"text-align: justify; text-indent: 2em; margin-bottom: 24px; margin-top: 24px;\"><em><span style=\"font-size: 17px; , arial, sans-serif;line-height: 1.6; letter-spacing: 0.034em; font-style: normal; font-weight: normal;\">Am Nachmittag des 11. Oktober<\/span><span style=\"font-size: 17px; , arial, sans-serif;line-height: 1.6; letter-spacing: 0.034em; font-style: normal; font-weight: normal;\"> fand in dem Stadtteil, in dem die Chinesische Schule Stuttgart ans\u00e4ssig ist, das<\/span><em><span style=\"font-size: 17px; , arial, sans-serif;line-height: 1.6; letter-spacing: 0.034em; font-style: normal; font-weight: normal;\"> Rote Herbstfest<\/span><\/em><em><span style=\"font-size: 17px; , arial, sans-serif;line-height: 1.6; letter-spacing: 0.034em; font-style: normal; font-weight: normal;\"> (Roter Herbstfest)<\/span><\/em><span style=\"font-size: 17px; , arial, sans-serif;line-height: 1.6; letter-spacing: 0.034em; font-style: normal; font-weight: normal;\"> statt. In festlicher Atmosph\u00e4re boten die Organisatoren den Besuchern verschiedene Speisen und Spiele an. In der Halle gab es Tanzvorf\u00fchrungen verschiedener V\u00f6lker, um den farbenfrohen goldenen Herbst bei warmer Sonne und fr\u00f6hlicher Stimmung zu feiern.<\/span><\/em><\/p>\n<section style=\"font-style: normal; font-weight: 400; text-align: justify; font-size: 16px;\" data-pm-slice=\"0 0 []\">\n<section style=\"text-align: center; margin-top: 10px; margin-bottom: 10px; line-height: 0;\">\n<section style=\"max-width: 100%; vertical-align: middle; display: inline-block; line-height: 0; width: 80%; height: auto;\"><img decoding=\"async\" class=\"rich_pages wxw-img\" style=\"vertical-align: middle; max-width: 100%; width: 100%;\" src=\"https:\/\/chinesische-sprachschule-stuttgart.de\/media\/2025\/10\/wxsync-2025-10-fc216b1fdc9e99a0a9d9fb4ce68c1edb.webp\" data-ratio=\"0.5703782\" data-s=\"300,640\" data-type=\"jpeg\" data-w=\"952\" data-imgfileid=\"502188923\" alt=\"\" title=\"\"><\/section>\n<\/section>\n<section style=\"margin: 10px 0%; text-align: left; justify-content: flex-start; display: flex; flex-flow: row;\">\n<section style=\"display: inline-block; vertical-align: middle; width: 50%; padding: 0px 5px 0px 0px; align-self: center; flex: 0 0 auto;\">\n<section style=\"text-align: center; margin: 0px 0%; line-height: 0;\">\n<section style=\"max-width: 100%; vertical-align: middle; display: inline-block; line-height: 0;\"><img decoding=\"async\" class=\"rich_pages wxw-img\" style=\"vertical-align: middle; max-width: 100%; width: 100%;\" src=\"https:\/\/chinesische-sprachschule-stuttgart.de\/media\/2025\/10\/wxsync-2025-10-9d87bea8d1d4599f8ecb668617e64ac4.webp\" data-ratio=\"0.7481481\" data-s=\"300,640\" data-type=\"jpeg\" data-w=\"1080\" data-imgfileid=\"502188924\" alt=\"\" title=\"\"><\/section>\n<\/section>\n<\/section>\n<section style=\"display: inline-block; vertical-align: middle; width: 50%; padding: 0px 0px 0px 5px; align-self: center; flex: 0 0 auto;\">\n<section style=\"text-align: center; margin: 0px 0%; line-height: 0;\">\n<section style=\"max-width: 100%; vertical-align: middle; display: inline-block; line-height: 0;\"><img decoding=\"async\" class=\"rich_pages wxw-img\" style=\"vertical-align: middle; max-width: 100%; width: 100%;\" src=\"https:\/\/chinesische-sprachschule-stuttgart.de\/media\/2025\/10\/wxsync-2025-10-7437fd7a726dcf3a097bfb2a404cf1fc.webp\" data-ratio=\"0.7481481\" data-s=\"300,640\" data-type=\"jpeg\" data-w=\"1080\" data-imgfileid=\"502188925\" alt=\"\" title=\"\"><\/section>\n<\/section>\n<\/section>\n<\/section>\n<section style=\"margin: 10px 0%; text-align: left; justify-content: flex-start; display: flex; flex-flow: row;\">\n<section style=\"display: inline-block; vertical-align: middle; width: 50%; padding: 0px 5px 0px 0px; align-self: center; flex: 0 0 auto;\">\n<section style=\"text-align: center; margin: 0px 0%; line-height: 0;\">\n<section style=\"max-width: 100%; vertical-align: middle; display: inline-block; line-height: 0;\"><img decoding=\"async\" class=\"rich_pages wxw-img\" style=\"vertical-align: middle; max-width: 100%; width: 100%;\" src=\"https:\/\/chinesische-sprachschule-stuttgart.de\/media\/2025\/10\/wxsync-2025-10-e7b718b883caa7485f93dd0049fb7cf1.webp\" data-ratio=\"0.7481481\" data-s=\"300,640\" data-type=\"jpeg\" data-w=\"1080\" data-imgfileid=\"502188927\" alt=\"\" title=\"\"><\/section>\n<\/section>\n<\/section>\n<section style=\"display: inline-block; vertical-align: middle; width: 50%; padding: 0px 0px 0px 5px; align-self: center; flex: 0 0 auto;\">\n<section style=\"text-align: center; margin: 0px 0%; line-height: 0;\">\n<section style=\"max-width: 100%; vertical-align: middle; display: inline-block; line-height: 0;\"><img decoding=\"async\" class=\"rich_pages wxw-img\" style=\"vertical-align: middle; max-width: 100%; width: 100%;\" src=\"https:\/\/chinesische-sprachschule-stuttgart.de\/media\/2025\/10\/wxsync-2025-10-0f975dd6ed353af6dbce49f2361bbe6b.webp\" data-ratio=\"0.7481481\" data-s=\"300,640\" data-type=\"jpeg\" data-w=\"1080\" data-imgfileid=\"502188926\" alt=\"\" title=\"\"><\/section>\n<\/section>\n<\/section>\n<\/section>\n<section style=\"margin: 10px 0%; text-align: left; justify-content: flex-start; display: flex; flex-flow: row;\">\n<section style=\"display: inline-block; vertical-align: middle; width: 50%; padding: 0px 5px 0px 0px; align-self: center; flex: 0 0 auto;\">\n<section style=\"text-align: center; margin: 0px 0%; line-height: 0;\">\n<section style=\"max-width: 100%; vertical-align: middle; display: inline-block; line-height: 0;\"><img decoding=\"async\" class=\"rich_pages wxw-img\" style=\"vertical-align: middle; max-width: 100%; width: 100%;\" src=\"https:\/\/chinesische-sprachschule-stuttgart.de\/media\/2025\/10\/wxsync-2025-10-6e786f4e782557003159e9811966e3ea.webp\" data-ratio=\"0.7481481\" data-s=\"300,640\" data-type=\"jpeg\" data-w=\"1080\" data-imgfileid=\"502188928\" alt=\"\" title=\"\"><\/section>\n<\/section>\n<\/section>\n<section style=\"display: inline-block; vertical-align: middle; width: 50%; padding: 0px 0px 0px 5px; align-self: center; flex: 0 0 auto;\">\n<section style=\"text-align: center; margin: 0px 0%; line-height: 0;\">\n<section style=\"max-width: 100%; vertical-align: middle; display: inline-block; line-height: 0;\"><img decoding=\"async\" class=\"rich_pages wxw-img\" style=\"vertical-align: middle; max-width: 100%; width: 100%;\" src=\"https:\/\/chinesische-sprachschule-stuttgart.de\/media\/2025\/10\/wxsync-2025-10-4712a9828ee59aaa90cc00fd02490d54.webp\" data-ratio=\"0.7425926\" data-s=\"300,640\" data-type=\"jpeg\" data-w=\"1080\" data-imgfileid=\"502188929\" alt=\"\" title=\"\"><\/section>\n<\/section>\n<\/section>\n<\/section>\n<section style=\"text-align: center; font-size: 14px;\">\n<p style=\"margin: 0px; padding: 0px;\"><em>Impressionen vom Roten Herbstfest im Stadtteil Rot<\/em><\/p>\n<\/section>\n<\/section>\n<p style=\"text-align: justify; text-indent: 0px;\">\n<p style=\"text-align: justify; text-indent: 2em;\"><em><em><span style=\"font-size: 17px; , arial, sans-serif;line-height: 1.6; letter-spacing: 0.034em; font-style: normal; font-weight: normal;\">Die drei Tanzgruppen der Chinesischen Schule Stuttgart wurden eingeladen, bei der B\u00fchnenshow des Herbstfestes aufzutreten.<\/span><\/em><span style=\"font-size: 17px; , arial, sans-serif;line-height: 1.6; letter-spacing: 0.034em; font-style: normal; font-weight: normal;\"> Unter der Leitung der Lehrerinnen Wang Shuyi und Yang Le<\/span><span style=\", arial, sans-serif;font-size: 17px; font-style: normal; font-weight: 400; letter-spacing: 0.544px; text-align: justify; text-indent: 34px; text-transform: none; display: inline !important; float: none;\" data-pm-slice=\"0 0 []\"> pr\u00e4sentierten die Sch\u00fclerinnen der Tanzkurse<\/span><span style=\"font-size: 17px; , arial, sans-serif;line-height: 1.6; letter-spacing: 0.034em; font-style: normal; font-weight: normal;\"> wundervolle chinesische Volkst\u00e4nze.<\/span><span style=\"font-size: 17px; , arial, sans-serif;line-height: 1.6; letter-spacing: 0.034em; font-style: normal; font-weight: normal;\"><span style=\"font-size: 17px; font-style: normal;\"> Auf der B\u00fchne trugen die Darstellerinnen exquisite Trachten und interpretierten mit anmutigen Tanzbewegungen die traditionelle Kultur der chinesischen Nation. Ein Tanz folgte auf den anderen, jeder mit seinem eigenen Charakter, und \u00f6ffnete dem lokalen Publikum ein Fenster zum Verst\u00e4ndnis der chinesischen Kultur.<\/span><\/span><\/em><\/p>\n<p style=\"text-align: justify; text-indent: 2em; margin-top: 8px; margin-bottom: 24px;\"><span style=\"font-size: 17px;\">Die kleine Tanzgruppe brachte den leichten und niedlichen Tanz \u201eSchmetterlinge an der Quelle\u201c (\u300a\u6cc9\u8fb9\u8774\u8776\u300b) dar. Die Kinder verwandelten sich in flatternde Schmetterlinge, die auf der B\u00fchne tanzten und sich drehten \u2013 unschuldig, lebhaft und nat\u00fcrlich.<\/span><\/p>\n<section style=\"font-style: normal; font-weight: 400; text-align: justify; font-size: 16px;\" data-pm-slice=\"0 0 []\">\n<section style=\"text-align: center; margin-top: 10px; margin-bottom: 10px; line-height: 0;\">\n<section style=\"max-width: 100%; vertical-align: middle; display: inline-block; line-height: 0;\"><img decoding=\"async\" class=\"rich_pages wxw-img\" style=\"vertical-align: middle; max-width: 100%; width: 100%;\" src=\"https:\/\/chinesische-sprachschule-stuttgart.de\/media\/2025\/10\/wxsync-2025-10-5ab0a3ef7db9d9bb7465fcbe5ea5bcb7.webp\" data-ratio=\"0.5305555555555556\" data-s=\"300,640\" data-type=\"jpeg\" data-w=\"1080\" data-imgfileid=\"502188931\" alt=\"\" title=\"\"><\/section>\n<\/section>\n<section style=\"text-align: center; margin-top: 10px; margin-bottom: 10px; line-height: 0;\">\n<section style=\"max-width: 100%; vertical-align: middle; display: inline-block; line-height: 0;\"><img decoding=\"async\" class=\"rich_pages wxw-img\" style=\"vertical-align: middle; max-width: 100%; width: 100%;\" src=\"https:\/\/chinesische-sprachschule-stuttgart.de\/media\/2025\/10\/wxsync-2025-10-4e395ae19cb92dd0e9d26eaed1be10ba.webp\" data-ratio=\"0.5527778\" data-s=\"300,640\" data-type=\"jpeg\" data-w=\"1080\" data-imgfileid=\"502188930\" alt=\"\" title=\"\"><\/section>\n<\/section>\n<section style=\"text-align: center; font-size: 14px;\">\n<p style=\"margin: 0px; padding: 0px;\"><em>Die kleine Tanzgruppe bei der Auff\u00fchrung des Tanzes \u201eSchmetterlinge an der Quelle\u201c<\/em><\/p>\n<\/section>\n<\/section>\n<p style=\"text-align: justify; text-indent: 2em; margin-top: 24px; margin-bottom: 24px;\"><span style=\", arial, sans-serif;font-size: 17px; font-style: normal; font-weight: 400; letter-spacing: 0.578px; text-align: justify; text-indent: 34px; text-transform: none; display: inline !important; float: none;\" data-pm-slice=\"0 0 []\">In traditionell anmutenden Hani-Tanzkleidern in den Farben Rot, Gelb und Schwarz zeigten die T\u00e4nzerinnen der gro\u00dfen Tanzgruppe<\/span> <span style=\", arial, sans-serif;font-size: 17px; font-style: normal; font-weight: 400; letter-spacing: 0.578px; text-align: justify; text-indent: 34px; text-transform: none; display: inline !important; float: none;\" data-pm-slice=\"0 0 []\"><span style=\"font-size: 17px;\">den Tanz \u201eHani-Sch\u00e4tze\u201c (\u300a\u54c8\u5c3c\u5b9d\u8d1d\u300b). Mit fr\u00f6hlichem Rhythmus und leuchtenden Kost\u00fcmen stellten sie die freudige Szene von jungen<\/span><\/span><span style=\", arial, sans-serif;font-size: 17px; font-style: normal; font-weight: 400; letter-spacing: 0.578px; text-align: justify; text-indent: 34px; text-transform: none; display: inline !important; float: none;\" data-pm-slice=\"0 0 []\"><span style=\"font-size: 17px;\">, enthusiastischen und lebensfrohen<\/span><\/span> <span style=\", arial, sans-serif;font-size: 17px; font-style: normal; font-weight: 400; letter-spacing: 0.578px; text-align: justify; text-indent: 34px; text-transform: none; display: inline !important; float: none;\" data-pm-slice=\"0 0 []\">Hani-M\u00e4dchen aus Yunnan dar, die bei einem Fest tanzen<span style=\"font-size: 17px;\">.<\/span><\/span><\/p>\n<section style=\"font-style: normal; font-weight: 400; text-align: justify; font-size: 16px;\" data-pm-slice=\"0 0 []\">\n<section style=\"text-align: center; margin-top: 10px; margin-bottom: 10px; line-height: 0;\">\n<section style=\"max-width: 100%; vertical-align: middle; display: inline-block; line-height: 0;\"><img decoding=\"async\" class=\"rich_pages wxw-img\" style=\"vertical-align: middle; max-width: 100%; width: 100%;\" src=\"https:\/\/chinesische-sprachschule-stuttgart.de\/media\/2025\/10\/wxsync-2025-10-5139ac0e3231c40f0bd6443f8b125815.webp\" data-ratio=\"0.5953704\" data-s=\"300,640\" data-type=\"jpeg\" data-w=\"1080\" data-imgfileid=\"502188933\" alt=\"\" title=\"\"><\/section>\n<\/section>\n<section style=\"text-align: center; margin-top: 10px; margin-bottom: 10px; line-height: 0;\">\n<section style=\"max-width: 100%; vertical-align: middle; display: inline-block; line-height: 0;\"><img decoding=\"async\" class=\"rich_pages wxw-img\" style=\"vertical-align: middle; max-width: 100%; width: 100%;\" src=\"https:\/\/chinesische-sprachschule-stuttgart.de\/media\/2025\/10\/wxsync-2025-10-4dc63bb639d15ddab3d31faf4d531636.webp\" data-ratio=\"0.5058939\" data-s=\"300,640\" data-type=\"jpeg\" data-w=\"1018\" data-imgfileid=\"502188932\" alt=\"\" title=\"\"><\/section>\n<\/section>\n<section style=\"text-align: center; font-size: 14px;\">\n<p style=\"margin: 0px; padding: 0px;\"><em>Die gro\u00dfe Tanzgruppe bei der Auff\u00fchrung des Tanzes \u201eHani-Sch\u00e4tze\u201c<\/em><\/p>\n<\/section>\n<\/section>\n<p style=\"text-align: justify; text-indent: 2em; margin-top: 24px; margin-bottom: 24px;\"><span style=\"font-size: 17px;\">Anschlie\u00dfend betrat die Erwachsenen-Tanzgruppe die B\u00fchne und f\u00fchrte den Tanz \u201eOde an den Fr\u00fchlingsfluss Luo\u201c (\u300a\u6d1b\u6625\u8d4b\u300b) auf.<\/span><em style=\"margin-top: 0px; margin-right: 0px; margin-left: 0px; padding: 0px; max-width: 100%; font-style: italic; , arial, sans-serif;font-size: 17px; font-weight: 400; letter-spacing: 0.544px; text-align: justify; text-indent: 34px; text-transform: none;\" data-pm-slice=\"2 2 [&quot;para&quot;,{&quot;tagName&quot;:&quot;section&quot;,&quot;attributes&quot;:{},&quot;namespaceURI&quot;:&quot;http:\/\/www.w3.org\/1999\/xhtml&quot;},&quot;para&quot;,{&quot;tagName&quot;:&quot;section&quot;,&quot;attributes&quot;:{},&quot;namespaceURI&quot;:&quot;http:\/\/www.w3.org\/1999\/xhtml&quot;},&quot;para&quot;,{&quot;tagName&quot;:&quot;section&quot;,&quot;attributes&quot;:{},&quot;namespaceURI&quot;:&quot;http:\/\/www.w3.org\/1999\/xhtml&quot;},&quot;para&quot;,{&quot;tagName&quot;:&quot;section&quot;,&quot;attributes&quot;:{},&quot;namespaceURI&quot;:&quot;http:\/\/www.w3.org\/1999\/xhtml&quot;},&quot;para&quot;,{&quot;tagName&quot;:&quot;section&quot;,&quot;attributes&quot;:{},&quot;namespaceURI&quot;:&quot;http:\/\/www.w3.org\/1999\/xhtml&quot;},&quot;para&quot;,{&quot;tagName&quot;:&quot;section&quot;,&quot;attributes&quot;:{},&quot;namespaceURI&quot;:&quot;http:\/\/www.w3.org\/1999\/xhtml&quot;},&quot;para&quot;,{&quot;tagName&quot;:&quot;section&quot;,&quot;attributes&quot;:{},&quot;namespaceURI&quot;:&quot;http:\/\/www.w3.org\/1999\/xhtml&quot;},&quot;para&quot;,{&quot;tagName&quot;:&quot;section&quot;,&quot;attributes&quot;:{},&quot;namespaceURI&quot;:&quot;http:\/\/www.w3.org\/1999\/xhtml&quot;},&quot;para&quot;,{&quot;tagName&quot;:&quot;section&quot;,&quot;attributes&quot;:{},&quot;namespaceURI&quot;:&quot;http:\/\/www.w3.org\/1999\/xhtml&quot;},&quot;para&quot;,{&quot;tagName&quot;:&quot;section&quot;,&quot;attributes&quot;:{&quot;style&quot;:&quot;box-sizing: border-box; font-style: normal; font-weight: 400; text-align: justify; font-size: 16px; color: rgb(62, 62, 62);&quot;,&quot;data-pm-slice&quot;:&quot;0 0 []&quot;},&quot;namespaceURI&quot;:&quot;http:\/\/www.w3.org\/1999\/xhtml&quot;},&quot;para&quot;,{&quot;tagName&quot;:&quot;section&quot;,&quot;attributes&quot;:{&quot;style&quot;:&quot;text-align: center; font-size: 14px; box-sizing: border-box;&quot;},&quot;namespaceURI&quot;:&quot;http:\/\/www.w3.org\/1999\/xhtml&quot;},&quot;para&quot;,{&quot;tagName&quot;:&quot;p&quot;,&quot;attributes&quot;:{&quot;style&quot;:&quot;margin: 0px; padding: 0px; box-sizing: border-box;&quot;},&quot;namespaceURI&quot;:&quot;http:\/\/www.w3.org\/1999\/xhtml&quot;}]\"><span style=\"margin-top: 0px; margin-right: 0px; margin-left: 0px; padding: 0px; max-width: 100%;\"><span style=\"font-style: normal;\">Die T\u00e4nzerinnen<\/span><\/span><span style=\"margin-top: 0px; margin-right: 0px; margin-left: 0px; padding: 0px; max-width: 100%;\"><span style=\"font-style: normal;\"> trugen zarte Gaze-Gew\u00e4nder in blassem Rosa-Wei\u00df und Blau-Violett. Ihre \u00c4rmel flatterten leicht, nebelhaft und dunstig, als k\u00e4men sie direkt vom Ufer des Luo-Flusses an einem Fr\u00fchlingstag.<\/span><\/span><\/em><span style=\"font-size: 17px;\"> Elegant, erhaben und von tiefem Charme, brachten sie die klassische orientalische Sch\u00f6nheit perfekt zum Ausdruck.<\/span><\/p>\n<section style=\"font-style: normal; font-weight: 400; text-align: justify; font-size: 16px;\" data-pm-slice=\"0 0 []\">\n<section style=\"text-align: center; margin-top: 10px; margin-bottom: 10px; line-height: 0;\">\n<section style=\"max-width: 100%; vertical-align: middle; display: inline-block; line-height: 0;\"><img decoding=\"async\" class=\"rich_pages wxw-img\" style=\"vertical-align: middle; max-width: 100%; width: 100%;\" src=\"https:\/\/chinesische-sprachschule-stuttgart.de\/media\/2025\/10\/wxsync-2025-10-43a50031db2a261bd348c27082627a6e.webp\" data-ratio=\"0.5814815\" data-s=\"300,640\" data-type=\"jpeg\" data-w=\"1080\" data-imgfileid=\"502188934\" alt=\"\" title=\"\"><\/section>\n<\/section>\n<section style=\"text-align: center; margin-top: 10px; margin-bottom: 10px; line-height: 0;\">\n<section style=\"max-width: 100%; vertical-align: middle; display: inline-block; line-height: 0;\"><img decoding=\"async\" class=\"rich_pages wxw-img\" style=\"vertical-align: middle; max-width: 100%; width: 100%;\" src=\"https:\/\/chinesische-sprachschule-stuttgart.de\/media\/2025\/10\/wxsync-2025-10-6bea3889e7ed1be8d91c2ff0d78ef85b.webp\" data-ratio=\"0.5814815\" data-s=\"300,640\" data-type=\"jpeg\" data-w=\"1080\" data-imgfileid=\"502188935\" alt=\"\" title=\"\"><\/section>\n<\/section>\n<section style=\"text-align: center; font-size: 14px;\">\n<p style=\"margin: 0px; padding: 0px;\"><em>Die Erwachsenen-Tanzgruppe bei der Auff\u00fchrung des Tanzes \u201eOde an den Fr\u00fchlingsfluss Luo\u201c<\/em><\/p>\n<p style=\"margin: 24px 0px; padding: 0px; text-align: justify; text-indent: 2em;\"><em><span style=\"font-size: 17px; font-style: normal;\">Die eleganten Tanzbewegungen und die bewegende Melodie verbanden die Sanftheit und Kraft des Ostens perfekt und ernteten wiederholt Applaus und Jubel vom Publikum. Die chinesische Kultur und Kunst sowie die brillanten Darbietungen der T\u00e4nzerinnen lie\u00dfen den goldenen Herbst auf dem Fest<\/span><em><span style=\"font-size: 17px; font-style: normal;\"> tanzen, begeisterten das gesamte Publikum und <\/span><span style=\"font-size: 17px; , arial, sans-serif;line-height: 1.6; letter-spacing: 0.034em; font-style: normal; font-weight: normal;\">gl\u00e4nzten auf ganzer Linie.<\/span><\/em><\/em><\/p>\n<section style=\"font-style: normal; font-weight: 400; text-align: justify; font-size: 16px;\" data-pm-slice=\"0 0 []\">\n<section style=\"text-align: center; margin-top: 10px; margin-bottom: 10px; line-height: 0;\">\n<section style=\"max-width: 100%; vertical-align: middle; display: inline-block; line-height: 0;\"><img decoding=\"async\" class=\"rich_pages wxw-img\" style=\"vertical-align: middle; max-width: 100%; width: 100%;\" src=\"https:\/\/chinesische-sprachschule-stuttgart.de\/media\/2025\/10\/wxsync-2025-10-29358c98a7bfb9c8675747f232166c34.webp\" data-ratio=\"0.6203703703703703\" data-s=\"300,640\" data-type=\"jpeg\" data-w=\"1080\" data-imgfileid=\"502188936\" alt=\"\" title=\"\"><\/section>\n<\/section>\n<section style=\"text-align: center; font-size: 14px;\">\n<p style=\"margin: 0px; padding: 0px;\"><em>Die Darstellerinnen nach der Vorstellung f\u00fcr ein Gruppenfoto auf der B\u00fchne<\/em><\/p>\n<\/section>\n<\/section>\n<p style=\"margin: 24px 0px; padding: 0px; text-align: justify; text-indent: 2em;\"><em><em><span style=\"font-size: 17px; , arial, sans-serif;line-height: 1.6; letter-spacing: 0.034em; font-style: normal; font-weight: normal;\">Die Auftritte der Tanzgruppen der Chinesischen Schule wurden vom Publikum mit Begeisterung und Anerkennung aufgenommen. Die Veranstalter baten die T\u00e4nzerinnen herzlich, die Chinesische Schule Stuttgart vorzustellen. Erst vor zwei Jahren war die Schule in das Ferdinand-Porsche-Gymnasium Zuffenhausen (FPGZ) umgezogen. Durch die Teilnahme an verschiedenen kulturellen Veranstaltungen im Stadtbezirk Zuffenhausen und am FPGZ hat sie sich allm\u00e4hlich in das lokale Kulturleben integriert und die Aufmerksamkeit verschiedener Seiten auf sich gezogen. Der beeindruckende Auftritt des chinesischen Tanzes bei dieser Veranstaltung \u00fcberraschte die Veranstalter sehr. Sie zeigten gro\u00dfes Interesse<\/span><em><span style=\"font-size: 17px; , arial, sans-serif;line-height: 1.6; letter-spacing: 0.034em; font-style: normal; font-weight: normal;\"> am chinesischen Tanz und der Kultur und<\/span><\/em><span style=\"font-size: 17px; , arial, sans-serif;line-height: 1.6; letter-spacing: 0.034em; font-style: normal; font-weight: normal;\"> luden die Schule noch vor Ort herzlich ein, im n\u00e4chsten goldenen Herbst wieder aufzutreten.<\/span><\/em><\/em><\/p>\n<section style=\"font-style: normal; font-weight: 400; text-align: justify; font-size: 16px;\" data-pm-slice=\"0 0 []\">\n<section style=\"text-align: center; margin-top: 10px; margin-bottom: 10px; line-height: 0;\">\n<section style=\"max-width: 100%; vertical-align: middle; display: inline-block; line-height: 0;\"><img decoding=\"async\" class=\"rich_pages wxw-img\" style=\"vertical-align: middle; max-width: 100%; width: 100%;\" src=\"https:\/\/chinesische-sprachschule-stuttgart.de\/media\/2025\/10\/wxsync-2025-10-c526e5060fca76432471a474ec0dd7a4.webp\" data-ratio=\"0.562963\" data-s=\"300,640\" data-type=\"jpeg\" data-w=\"1080\" data-imgfileid=\"502188937\" alt=\"\" title=\"\"><\/section>\n<\/section>\n<section style=\"text-align: center; font-size: 14px;\">\n<p style=\"margin: 0px 0px 24px; padding: 0px;\"><em>Interaktion mit dem Moderator nach der Vorstellung<\/em><\/p>\n<\/section>\n<\/section>\n<\/section>\n<\/section>\n<section style=\"font-style: normal; font-weight: 400; text-align: justify; font-size: 16px;\" data-pm-slice=\"0 0 []\">\n<section style=\"text-align: center; margin-top: 10px; margin-bottom: 10px; line-height: 0;\">\n<section style=\"max-width: 100%; vertical-align: middle; display: inline-block; line-height: 0; width: 90%; height: auto;\"><img decoding=\"async\" class=\"rich_pages wxw-img\" style=\"vertical-align: middle; max-width: 100%; width: 100%;\" src=\"https:\/\/chinesische-sprachschule-stuttgart.de\/media\/2025\/10\/wxsync-2025-10-758d93b98f032bdaac08f4d19b270f06.webp\" data-ratio=\"0.75\" data-s=\"300,640\" data-type=\"jpeg\" data-w=\"1080\" data-imgfileid=\"502188940\" alt=\"\" title=\"\"><\/section>\n<\/section>\n<section style=\"text-align: center; margin-top: 10px; margin-bottom: 10px; line-height: 0;\">\n<section style=\"max-width: 100%; vertical-align: middle; display: inline-block; line-height: 0; width: 90%; height: auto;\"><img decoding=\"async\" class=\"rich_pages wxw-img\" style=\"vertical-align: middle; max-width: 100%; width: 100%;\" src=\"https:\/\/chinesische-sprachschule-stuttgart.de\/media\/2025\/10\/wxsync-2025-10-42214c598630cfc14801298548220644.webp\" data-ratio=\"0.75\" data-s=\"300,640\" data-type=\"jpeg\" data-w=\"1080\" data-imgfileid=\"502188939\" alt=\"\" title=\"\"><\/section>\n<\/section>\n<section style=\"text-align: center; margin-top: 10px; margin-bottom: 10px; line-height: 0;\">\n<section style=\"max-width: 100%; vertical-align: middle; display: inline-block; line-height: 0; width: 90%; height: auto;\"><img decoding=\"async\" class=\"rich_pages wxw-img\" style=\"vertical-align: middle; max-width: 100%; width: 100%;\" src=\"https:\/\/chinesische-sprachschule-stuttgart.de\/media\/2025\/10\/wxsync-2025-10-18d6ade6bcc6726ec71d6c64c4a1377d.webp\" data-ratio=\"0.7383720930232558\" data-s=\"300,640\" data-type=\"jpeg\" data-w=\"860\" data-imgfileid=\"502188938\" alt=\"\" title=\"\"><\/section>\n<\/section>\n<section style=\"text-align: center; font-size: 14px;\">\n<p style=\"margin: 0px; padding: 0px;\"><i>Die drei Tanzgruppen f\u00fcr separate Erinnerungsfotos auf dem Herbstfest<\/i><\/p>\n<\/section>\n<\/section>\n<\/section>\n<\/section>\n<\/section>\n<\/section>\n<\/section>\n<\/section>\n<\/section>\n<\/section>\n<p style=\"text-align: justify; text-indent: 2em;\">\n<p style=\"text-align: justify; text-indent: 2em;\"><span style=\"font-size: 17px; , arial, sans-serif;line-height: 1.6; letter-spacing: 0.034em; font-style: normal; font-weight: normal;\">Der Herbst wird tiefer, die Freundschaft enger. Die Lehrer und Sch\u00fcler der Chinesischen Schule Stuttgart nutzten Hanfu und Tanz als Medium, um in dieser goldenen Jahreszeit ein Kapitel des deutsch-chinesischen Kulturaustauschs zu schreiben. Die traditionelle chinesische Kultur entfaltet in einem fremden Land neue Vitalit\u00e4t und wird zu einem sch\u00f6nen Band, das die Menschen beider L\u00e4nder verbindet.<\/span><em><span style=\"font-size: 17px; , arial, sans-serif;line-height: 1.6; letter-spacing: 0.034em; font-style: normal; font-weight: normal;\"> Die Chinesische Schule Stuttgart setzt sich seit jeher f\u00fcr die F\u00f6rderung der chinesischen Sprache und Kultur ein. Durch die Kombination von Spracherwerb und Kunsterlebnis erm\u00f6glicht sie es mehr Menschen, China zu verstehen und zu lieben.<\/span><em><span style=\"font-size: 17px; , arial, sans-serif;line-height: 1.6; letter-spacing: 0.034em; font-style: normal; font-weight: normal;\"> Sie verbreitet die Sch\u00f6nheit der chinesischen Sprache und das Licht der Kultur.<\/span><\/em><\/em><\/p>\n<p style=\"text-align: justify; text-indent: 2em;\">\n<\/section>\n<\/section>\n<\/section>\n<\/section>\n<\/section>\n<section style=\"letter-spacing: 0.578px;\">\n<section>\n<section style=\", arial, sans-serif;letter-spacing: 0.544px; text-align: left; margin-top: 24px;\"><strong><span style=\"font-family: \u5b8b\u4f53; font-size: 15px;\">Bericht:<\/span><\/strong><span style=\"font-family: \u5b8b\u4f53; font-size: 15px;\"><span style=\"font-family: \u5b8b\u4f53; font-size: 15px; letter-spacing: 0.544px; text-align: left;\"><span style=\"font-style: italic;\"> Schulb\u00fcro<\/span> <\/span><\/span><\/section>\n<p style=\", arial, sans-serif;letter-spacing: 0.544px; text-align: left;\"><strong><span style=\"font-family: \u5b8b\u4f53; font-size: 15px;\">Redaktion: <\/span><\/strong><span style=\"font-family: \u5b8b\u4f53; font-size: 15px;\"><span style=\"font-style: italic;\">Dong Ming u.a.<\/span><br \/>\n<\/span><\/p>\n<section style=\", arial, sans-serif;letter-spacing: 0.544px; text-align: left;\"><strong><span style=\"font-family: \u5b8b\u4f53; font-size: 15px;\">Fotografie:<\/span><\/strong><span style=\"font-family: \u5b8b\u4f53; font-size: 15px;\"> <span style=\"font-family: \u5b8b\u4f53; font-size: 15px; letter-spacing: 0.544px; text-align: left;\" data-olk-copy-source=\"MessageBody\" data-pm-slice=\"0 0 []\"><span data-olk-copy-source=\"MessageBody\" data-pm-slice=\"0 0 []\"><em><span style=\"font-family: \u5b8b\u4f53; font-size: 15px; letter-spacing: 0.544px; text-align: left;\"><span style=\"font-weight: normal; font-style: italic;\">Schulb\u00fcro, Erwachsenenkurse, Tanzkurse u.a.<\/span><\/span><\/em><\/span><\/span><\/span><\/section>\n<\/section>\n<\/section>\n<p style=\"display: none;\">\n<\/div>\n","protected":false},"excerpt":{"rendered":"<p>Zusammenkunft im goldenen Herb [&hellip;]<\/p>\n","protected":false},"author":3,"featured_media":3668,"comment_status":"closed","ping_status":"open","sticky":false,"template":"","format":"standard","meta":{"_acf_changed":false,"_EventAllDay":false,"_EventTimezone":"","_EventStartDate":"","_EventEndDate":"","_EventStartDateUTC":"","_EventEndDateUTC":"","_EventShowMap":false,"_EventShowMapLink":false,"_EventURL":"","_EventCost":"","_EventCostDescription":"","_EventCurrencySymbol":"","_EventCurrencyCode":"","_EventCurrencyPosition":"","_EventDateTimeSeparator":"","_EventTimeRangeSeparator":"","_EventOrganizerID":[],"_EventVenueID":[],"_OrganizerEmail":"","_OrganizerPhone":"","_OrganizerWebsite":"","_VenueAddress":"","_VenueCity":"","_VenueCountry":"","_VenueProvince":"","_VenueState":"","_VenueZip":"","_VenuePhone":"","_VenueURL":"","_VenueStateProvince":"","_VenueLat":"","_VenueLng":"","_VenueShowMap":false,"_VenueShowMapLink":false,"_themeisle_gutenberg_block_has_review":false,"_jetpack_memberships_contains_paid_content":false,"footnotes":"","jetpack_publicize_message":"","jetpack_publicize_feature_enabled":true,"jetpack_social_post_already_shared":false,"jetpack_social_options":{"image_generator_settings":{"template":"highway","default_image_id":0,"font":"","enabled":false},"version":2}},"categories":[10],"tags":[],"class_list":["post-3716","post","type-post","status-publish","format-standard","has-post-thumbnail","hentry","category-news-de"],"acf":[],"jetpack_publicize_connections":[],"jetpack_featured_media_url":"https:\/\/chinesische-sprachschule-stuttgart.de\/media\/2025\/10\/wxsync-2025-10-3226b9b130e68abc552062c8dfcf9bd2.webp","jetpack_sharing_enabled":true,"jetpack-related-posts":[{"id":5273,"url":"http:\/\/chinesische-sprachschule-stuttgart.de\/de_de\/2026\/03\/04\/fruhlingsfest-auf-dem-tempelmarkt-in-stuttgart-chinesisches-neujahr-in-der-schule\/","url_meta":{"origin":3716,"position":0},"title":"Fr\u00fchlingsfest auf dem Tempelmarkt in Stuttgart: Chinesisches Neujahr in der Schule","author":"author","date":"2026\u5e743\u67084\u65e5","format":false,"excerpt":"Neujahrstempelmarkt zum Jahr des Pferdes auf dem C\u2026","rel":"","context":"In &quot;\u6700\u65b0\u52a8\u6001-de&quot;","block_context":{"text":"\u6700\u65b0\u52a8\u6001-de","link":"http:\/\/chinesische-sprachschule-stuttgart.de\/de_de\/category\/news-de\/"},"img":{"alt_text":"","src":"","width":0,"height":0},"classes":[]},{"id":1771,"url":"http:\/\/chinesische-sprachschule-stuttgart.de\/de_de\/2025\/05\/20\/tag-der-kulturen-chinesischer-charme-trifft-die-welt\/","url_meta":{"origin":3716,"position":1},"title":"Tag der Kulturen: Chinesischer Charme trifft die Welt","author":"author","date":"2025\u5e745\u670820\u65e5","format":false,"excerpt":"Am 16. Mai fand der Tag der Kulturen Stuttgart im \u2026","rel":"","context":"In &quot;\u6700\u65b0\u52a8\u6001-de&quot;","block_context":{"text":"\u6700\u65b0\u52a8\u6001-de","link":"http:\/\/chinesische-sprachschule-stuttgart.de\/de_de\/category\/news-de\/"},"img":{"alt_text":"","src":"https:\/\/i0.wp.com\/chinesische-sprachschule-stuttgart.de\/media\/2025\/06\/wxsync-2025-06-09e70d3bb9c54e3a69e6a7b82e349f83.webp?resize=350%2C200&ssl=1","width":350,"height":200,"srcset":"https:\/\/i0.wp.com\/chinesische-sprachschule-stuttgart.de\/media\/2025\/06\/wxsync-2025-06-09e70d3bb9c54e3a69e6a7b82e349f83.webp?resize=350%2C200&ssl=1 1x, https:\/\/i0.wp.com\/chinesische-sprachschule-stuttgart.de\/media\/2025\/06\/wxsync-2025-06-09e70d3bb9c54e3a69e6a7b82e349f83.webp?resize=525%2C300&ssl=1 1.5x, https:\/\/i0.wp.com\/chinesische-sprachschule-stuttgart.de\/media\/2025\/06\/wxsync-2025-06-09e70d3bb9c54e3a69e6a7b82e349f83.webp?resize=700%2C400&ssl=1 2x, https:\/\/i0.wp.com\/chinesische-sprachschule-stuttgart.de\/media\/2025\/06\/wxsync-2025-06-09e70d3bb9c54e3a69e6a7b82e349f83.webp?resize=1050%2C600&ssl=1 3x"},"classes":[]},{"id":3275,"url":"http:\/\/chinesische-sprachschule-stuttgart.de\/de_de\/2025\/07\/28\/chinesische-elemente-auf-der-jahresabschlussfeier-des-porsche-gymnasiums\/","url_meta":{"origin":3716,"position":2},"title":"Chinesische Elemente auf der Jahresabschlussfeier des Porsche-Gymnasiums","author":"author","date":"2025\u5e747\u670828\u65e5","format":false,"excerpt":"Abschlussfeier am Porsche-Gymnasium: Ein fr\u00f6hliche\u2026","rel":"","context":"In &quot;\u6700\u65b0\u52a8\u6001-de&quot;","block_context":{"text":"\u6700\u65b0\u52a8\u6001-de","link":"http:\/\/chinesische-sprachschule-stuttgart.de\/de_de\/category\/news-de\/"},"img":{"alt_text":"","src":"https:\/\/i0.wp.com\/chinesische-sprachschule-stuttgart.de\/media\/2025\/08\/wxsync-2025-08-148435713c92957c3c1f6f578b9e08bb.webp?resize=350%2C200&ssl=1","width":350,"height":200,"srcset":"https:\/\/i0.wp.com\/chinesische-sprachschule-stuttgart.de\/media\/2025\/08\/wxsync-2025-08-148435713c92957c3c1f6f578b9e08bb.webp?resize=350%2C200&ssl=1 1x, https:\/\/i0.wp.com\/chinesische-sprachschule-stuttgart.de\/media\/2025\/08\/wxsync-2025-08-148435713c92957c3c1f6f578b9e08bb.webp?resize=525%2C300&ssl=1 1.5x, https:\/\/i0.wp.com\/chinesische-sprachschule-stuttgart.de\/media\/2025\/08\/wxsync-2025-08-148435713c92957c3c1f6f578b9e08bb.webp?resize=700%2C400&ssl=1 2x, https:\/\/i0.wp.com\/chinesische-sprachschule-stuttgart.de\/media\/2025\/08\/wxsync-2025-08-148435713c92957c3c1f6f578b9e08bb.webp?resize=1050%2C600&ssl=1 3x"},"classes":[]},{"id":2237,"url":"http:\/\/chinesische-sprachschule-stuttgart.de\/de_de\/2025\/07\/12\/stundenplan-neue-klassen-und-interessenkurse-der-chinesischen-sprachschule-stuttgart-fur-das-schuljahr-2025-2026\/","url_meta":{"origin":3716,"position":3},"title":"Stundenplan, neue Klassen und Interessenkurse der Chinesischen Sprachschule Stuttgart f\u00fcr das Schuljahr 2025\/2026","author":"author","date":"2025\u5e747\u670812\u65e5","format":false,"excerpt":"Chinesische Sprachschule Stuttgart Hauptcampus: Fe\u2026","rel":"","context":"In &quot;\u6700\u65b0\u52a8\u6001-de&quot;","block_context":{"text":"\u6700\u65b0\u52a8\u6001-de","link":"http:\/\/chinesische-sprachschule-stuttgart.de\/de_de\/category\/news-de\/"},"img":{"alt_text":"","src":"https:\/\/i0.wp.com\/chinesische-sprachschule-stuttgart.de\/media\/2025\/07\/wxsync-2025-07-2ab3fe5f4e63d066dc6115cc2c55328b.webp?resize=350%2C200&ssl=1","width":350,"height":200,"srcset":"https:\/\/i0.wp.com\/chinesische-sprachschule-stuttgart.de\/media\/2025\/07\/wxsync-2025-07-2ab3fe5f4e63d066dc6115cc2c55328b.webp?resize=350%2C200&ssl=1 1x, https:\/\/i0.wp.com\/chinesische-sprachschule-stuttgart.de\/media\/2025\/07\/wxsync-2025-07-2ab3fe5f4e63d066dc6115cc2c55328b.webp?resize=525%2C300&ssl=1 1.5x, https:\/\/i0.wp.com\/chinesische-sprachschule-stuttgart.de\/media\/2025\/07\/wxsync-2025-07-2ab3fe5f4e63d066dc6115cc2c55328b.webp?resize=700%2C400&ssl=1 2x"},"classes":[]},{"id":2233,"url":"http:\/\/chinesische-sprachschule-stuttgart.de\/de_de\/2025\/07\/01\/hervorragende-ergebnisse-bei-der-hsk-prufung-und-goldmedaillen-beim-chinesisch-rezitationswettbewerb\/","url_meta":{"origin":3716,"position":4},"title":"Hervorragende Ergebnisse bei der HSK-Pr\u00fcfung und Goldmedaillen beim Chinesisch-Rezitationswettbewerb","author":"author","date":"2025\u5e747\u67081\u65e5","format":false,"excerpt":"Hervorragende Ergebnisse bei der HSK-Pr\u00fcfung und G\u2026","rel":"","context":"In &quot;\u6700\u65b0\u52a8\u6001-de&quot;","block_context":{"text":"\u6700\u65b0\u52a8\u6001-de","link":"http:\/\/chinesische-sprachschule-stuttgart.de\/de_de\/category\/news-de\/"},"img":{"alt_text":"","src":"https:\/\/i0.wp.com\/chinesische-sprachschule-stuttgart.de\/media\/2025\/07\/wxsync-2025-07-dddd64493298dfa07b29938b62d6f27e-2.webp?resize=350%2C200&ssl=1","width":350,"height":200,"srcset":"https:\/\/i0.wp.com\/chinesische-sprachschule-stuttgart.de\/media\/2025\/07\/wxsync-2025-07-dddd64493298dfa07b29938b62d6f27e-2.webp?resize=350%2C200&ssl=1 1x, https:\/\/i0.wp.com\/chinesische-sprachschule-stuttgart.de\/media\/2025\/07\/wxsync-2025-07-dddd64493298dfa07b29938b62d6f27e-2.webp?resize=525%2C300&ssl=1 1.5x, https:\/\/i0.wp.com\/chinesische-sprachschule-stuttgart.de\/media\/2025\/07\/wxsync-2025-07-dddd64493298dfa07b29938b62d6f27e-2.webp?resize=700%2C400&ssl=1 2x"},"classes":[]},{"id":106,"url":"http:\/\/chinesische-sprachschule-stuttgart.de\/de_de\/2025\/01\/20\/nanjing-delegation-zu-besuch-austausch-im-bildungsbereich-zwischen-china-und-deutschland\/","url_meta":{"origin":3716,"position":5},"title":"Nanjing-Delegation zu Besuch \u2013 Austausch im Bildungsbereich zwischen China und Deutschland","author":"author","date":"2025\u5e741\u670820\u65e5","format":false,"excerpt":"K\u00fcrzlich reiste eine f\u00fcnfk\u00f6pfige Delegation des Bi\u2026","rel":"","context":"In &quot;\u6700\u65b0\u52a8\u6001-de&quot;","block_context":{"text":"\u6700\u65b0\u52a8\u6001-de","link":"http:\/\/chinesische-sprachschule-stuttgart.de\/de_de\/category\/news-de\/"},"img":{"alt_text":"","src":"https:\/\/i0.wp.com\/chinesische-sprachschule-stuttgart.de\/media\/2025\/01\/nanjingkaochatuan-2e0ac6bc.webp?resize=350%2C200&ssl=1","width":350,"height":200,"srcset":"https:\/\/i0.wp.com\/chinesische-sprachschule-stuttgart.de\/media\/2025\/01\/nanjingkaochatuan-2e0ac6bc.webp?resize=350%2C200&ssl=1 1x, https:\/\/i0.wp.com\/chinesische-sprachschule-stuttgart.de\/media\/2025\/01\/nanjingkaochatuan-2e0ac6bc.webp?resize=525%2C300&ssl=1 1.5x, https:\/\/i0.wp.com\/chinesische-sprachschule-stuttgart.de\/media\/2025\/01\/nanjingkaochatuan-2e0ac6bc.webp?resize=700%2C400&ssl=1 2x"},"classes":[]}],"jetpack_shortlink":"https:\/\/wp.me\/pgAON2-XW","rttpg_featured_image_url":{"full":["https:\/\/chinesische-sprachschule-stuttgart.de\/media\/2025\/10\/wxsync-2025-10-3226b9b130e68abc552062c8dfcf9bd2.webp",1080,460,false],"landscape":["https:\/\/chinesische-sprachschule-stuttgart.de\/media\/2025\/10\/wxsync-2025-10-3226b9b130e68abc552062c8dfcf9bd2.webp",1080,460,false],"portraits":["https:\/\/chinesische-sprachschule-stuttgart.de\/media\/2025\/10\/wxsync-2025-10-3226b9b130e68abc552062c8dfcf9bd2.webp",1080,460,false],"thumbnail":["https:\/\/chinesische-sprachschule-stuttgart.de\/media\/2025\/10\/wxsync-2025-10-3226b9b130e68abc552062c8dfcf9bd2-150x150.webp",150,150,true],"medium":["https:\/\/chinesische-sprachschule-stuttgart.de\/media\/2025\/10\/wxsync-2025-10-3226b9b130e68abc552062c8dfcf9bd2-300x128.webp",300,128,true],"large":["https:\/\/chinesische-sprachschule-stuttgart.de\/media\/2025\/10\/wxsync-2025-10-3226b9b130e68abc552062c8dfcf9bd2-1024x436.webp",1024,436,true],"1536x1536":["https:\/\/chinesische-sprachschule-stuttgart.de\/media\/2025\/10\/wxsync-2025-10-3226b9b130e68abc552062c8dfcf9bd2.webp",1080,460,false],"2048x2048":["https:\/\/chinesische-sprachschule-stuttgart.de\/media\/2025\/10\/wxsync-2025-10-3226b9b130e68abc552062c8dfcf9bd2.webp",1080,460,false],"trp-custom-language-flag":["https:\/\/chinesische-sprachschule-stuttgart.de\/media\/2025\/10\/wxsync-2025-10-3226b9b130e68abc552062c8dfcf9bd2-18x8.webp",18,8,true]},"rttpg_author":{"display_name":"author","author_link":"http:\/\/chinesische-sprachschule-stuttgart.de\/de_de\/author\/author\/"},"rttpg_comment":0,"rttpg_category":"<a href=\"http:\/\/chinesische-sprachschule-stuttgart.de\/de_de\/category\/news-de\/\" rel=\"category tag\">\u6700\u65b0\u52a8\u6001-de<\/a>","rttpg_excerpt":"Zusammenkunft im goldenen Herb [&hellip;]","_links":{"self":[{"href":"http:\/\/chinesische-sprachschule-stuttgart.de\/de_de\/wp-json\/wp\/v2\/posts\/3716","targetHints":{"allow":["GET"]}}],"collection":[{"href":"http:\/\/chinesische-sprachschule-stuttgart.de\/de_de\/wp-json\/wp\/v2\/posts"}],"about":[{"href":"http:\/\/chinesische-sprachschule-stuttgart.de\/de_de\/wp-json\/wp\/v2\/types\/post"}],"author":[{"embeddable":true,"href":"http:\/\/chinesische-sprachschule-stuttgart.de\/de_de\/wp-json\/wp\/v2\/users\/3"}],"replies":[{"embeddable":true,"href":"http:\/\/chinesische-sprachschule-stuttgart.de\/de_de\/wp-json\/wp\/v2\/comments?post=3716"}],"version-history":[{"count":2,"href":"http:\/\/chinesische-sprachschule-stuttgart.de\/de_de\/wp-json\/wp\/v2\/posts\/3716\/revisions"}],"predecessor-version":[{"id":3718,"href":"http:\/\/chinesische-sprachschule-stuttgart.de\/de_de\/wp-json\/wp\/v2\/posts\/3716\/revisions\/3718"}],"wp:featuredmedia":[{"embeddable":true,"href":"http:\/\/chinesische-sprachschule-stuttgart.de\/de_de\/wp-json\/wp\/v2\/media\/3668"}],"wp:attachment":[{"href":"http:\/\/chinesische-sprachschule-stuttgart.de\/de_de\/wp-json\/wp\/v2\/media?parent=3716"}],"wp:term":[{"taxonomy":"category","embeddable":true,"href":"http:\/\/chinesische-sprachschule-stuttgart.de\/de_de\/wp-json\/wp\/v2\/categories?post=3716"},{"taxonomy":"post_tag","embeddable":true,"href":"http:\/\/chinesische-sprachschule-stuttgart.de\/de_de\/wp-json\/wp\/v2\/tags?post=3716"}],"curies":[{"name":"wp","href":"https:\/\/api.w.org\/{rel}","templated":true}]}}