{"id":3275,"date":"2025-07-28T10:23:00","date_gmt":"2025-07-28T08:23:00","guid":{"rendered":"https:\/\/chinesische-sprachschule-stuttgart.de\/?p=3275"},"modified":"2025-08-22T12:58:24","modified_gmt":"2025-08-22T10:58:24","slug":"chinesische-elemente-auf-der-jahresabschlussfeier-des-porsche-gymnasiums","status":"publish","type":"post","link":"http:\/\/chinesische-sprachschule-stuttgart.de\/de_de\/2025\/07\/28\/chinesische-elemente-auf-der-jahresabschlussfeier-des-porsche-gymnasiums\/","title":{"rendered":"Chinesische Elemente auf der Jahresabschlussfeier des Porsche-Gymnasiums"},"content":{"rendered":"<div class=\"wxsyncmain\">\n<section>\n<section>\n<section>\n<section>\n<section>\n<section>\n<section><\/section>\n<\/section>\n<\/section>\n<section>\n<section>\n<section>\n<p style=\"text-align: center;\"><span style=\"font-weight: bold;\">Abschlussfeier am Porsche-Gymnasium: Ein fr\u00f6hlicher Campus<\/span><\/p>\n<p style=\"text-align: center;\"><span style=\"font-weight: bold;\">Volkst\u00e4nze der Chinesischen Sprachschule begeistern das Publikum<\/span><\/p>\n<p style=\"text-indent: 2em; margin-bottom: 24px;\"><span style=\"font-size: 17px; , arial, sans-serif;line-height: 1.6; letter-spacing: 0.034em; font-style: normal; font-weight: normal;\">W\u00e4hrend sich das Schuljahr dem Ende neigte, veranstaltete das Ferdinand-Porsche-Gymnasium Zuffenhausen (<\/span><span style=\"margin-top: 0px; margin-right: 0px; margin-left: 0px; padding: 0px; max-width: 100%; , arial, sans-serif;font-style: normal; font-weight: 400; text-align: justify; text-transform: none; font-size: 17px; letter-spacing: 0.578px; text-indent: 34px;\" data-pm-slice=\"0 0 []\"><span style=\"margin-top: 0px; margin-right: 0px; margin-left: 0px; padding: 0px; max-width: 100%; , arial, sans-serif;font-style: normal; font-weight: 400; text-align: justify; text-transform: none; font-size: 17px; letter-spacing: 0.578px; text-indent: 34px;\" data-pm-slice=\"0 0 []\">FPGZ<\/span><\/span><span style=\"font-size: 17px; , arial, sans-serif;line-height: 1.6; letter-spacing: 0.034em; font-style: normal; font-weight: normal;\">) am 25. Juli eine gro\u00dfe Abschlussfeier auf dem Schulgel\u00e4nde, um allen Lehrern und Sch\u00fclern einen unvergesslichen Festmoment vor den Ferien zu bereiten. Die Feier bot nicht nur ein reichhaltiges Programm an k\u00fcnstlerischen Darbietungen, Grillen und verschiedenen K\u00f6stlichkeiten, sondern auch eine Preisverleihung f\u00fcr Sch\u00fcler, die in diesem Semester an Wettbewerben teilgenommen und sich bei gemeinn\u00fctzigen sozialen Aktivit\u00e4ten ausgezeichnet hatten. Die Atmosph\u00e4re war lebhaft und herzlich.<\/span><\/p>\n<section style=\"font-style: normal; font-weight: 400; text-align: justify; font-size: 16px;\" data-pm-slice=\"0 0 []\">\n<section style=\"text-align: center; margin-top: 10px; margin-bottom: 10px; line-height: 0;\">\n<section style=\"max-width: 100%; vertical-align: middle; display: inline-block; line-height: 0;\"><img decoding=\"async\" class=\"rich_pages wxw-img\" style=\"vertical-align: middle; max-width: 100%; width: 100%;\" src=\"https:\/\/chinesische-sprachschule-stuttgart.de\/media\/2025\/08\/wxsync-2025-08-4341ca5daca3f61e190a3125f7f8ac45.webp\" data-ratio=\"0.5555556\" data-s=\"300,640\" data-type=\"jpeg\" data-w=\"1080\" data-imgfileid=\"502187953\" alt=\"\" title=\"\"><\/section>\n<\/section>\n<section style=\"text-align: center; margin-top: 10px; margin-bottom: 10px; line-height: 0;\">\n<section style=\"max-width: 100%; vertical-align: middle; display: inline-block; line-height: 0; width: 90%; height: auto;\"><img decoding=\"async\" class=\"rich_pages wxw-img\" style=\"vertical-align: middle; max-width: 100%; width: 100%;\" src=\"https:\/\/chinesische-sprachschule-stuttgart.de\/media\/2025\/08\/wxsync-2025-08-f9adc8d0f4adab3974ff4a1ae959d819.webp\" data-ratio=\"1.4096385542168675\" data-s=\"300,640\" data-type=\"jpeg\" data-w=\"1079\" data-imgfileid=\"502187952\" alt=\"\" title=\"\"><\/section>\n<\/section>\n<\/section>\n<p style=\"text-indent: 2em; margin-top: 24px; margin-bottom: 24px;\"><span style=\"font-size: 17px; , arial, sans-serif;line-height: 1.6; letter-spacing: 0.034em; font-style: normal; font-weight: normal;\">Auf dem Festgel\u00e4nde interagierten Sch\u00fcler, Lehrer und Eltern begeistert auf dem Schulhof. Die Preisverleihung wurde von st\u00e4ndigem Applaus begleitet, w\u00e4hrend Lehrer und Sch\u00fcler gemeinsam die glorreichen Momente einer Gruppe herausragender Vertreter nach der anderen miterlebten. Auf der B\u00fchne bot sich ein Fest f\u00fcr Augen und Ohren: Musik, Tanz, Instrumentalst\u00fccke und viele weitere Programmpunkte erf\u00fcllten den gesamten Campus mit jugendlicher Energie.<\/span><\/p>\n<section style=\"font-style: normal; font-weight: 400; text-align: justify; font-size: 16px;\" data-pm-slice=\"0 0 []\">\n<section style=\"text-align: center; margin-top: 10px; margin-bottom: 10px; line-height: 0;\">\n<section style=\"max-width: 100%; vertical-align: middle; display: inline-block; line-height: 0;\"><img decoding=\"async\" class=\"rich_pages wxw-img\" style=\"vertical-align: middle; max-width: 100%; width: 100%;\" src=\"https:\/\/chinesische-sprachschule-stuttgart.de\/media\/2025\/08\/wxsync-2025-08-0c9400b4287ed86458115b7d62855664.webp\" data-ratio=\"0.5972222222222222\" data-s=\"300,640\" data-type=\"jpeg\" data-w=\"1080\" data-imgfileid=\"502187963\" alt=\"\" title=\"\"><\/section>\n<\/section>\n<section style=\"text-align: center; margin-top: 10px; margin-bottom: 10px; line-height: 0;\">\n<section style=\"max-width: 100%; vertical-align: middle; display: inline-block; line-height: 0;\"><img decoding=\"async\" class=\"rich_pages wxw-img\" style=\"vertical-align: middle; max-width: 100%; width: 100%;\" src=\"https:\/\/chinesische-sprachschule-stuttgart.de\/media\/2025\/08\/wxsync-2025-08-64865739efb6683240fc6236925b316b.webp\" data-ratio=\"0.6574074074074074\" data-s=\"300,640\" data-type=\"jpeg\" data-w=\"1080\" data-imgfileid=\"502187961\" alt=\"\" title=\"\"><\/section>\n<\/section>\n<section style=\"text-align: center; margin-top: 10px; margin-bottom: 10px; line-height: 0;\">\n<section style=\"max-width: 100%; vertical-align: middle; display: inline-block; line-height: 0;\"><img decoding=\"async\" class=\"rich_pages wxw-img\" style=\"vertical-align: middle; max-width: 100%; width: 100%;\" src=\"https:\/\/chinesische-sprachschule-stuttgart.de\/media\/2025\/08\/wxsync-2025-08-aa7aa533c980fe3b7b6e7b50794640f1.webp\" data-ratio=\"0.6092592592592593\" data-s=\"300,640\" data-type=\"jpeg\" data-w=\"1080\" data-imgfileid=\"502187962\" alt=\"\" title=\"\"><\/section>\n<\/section>\n<section style=\"text-align: center; margin-top: 10px; margin-bottom: 10px; line-height: 0;\">\n<section style=\"max-width: 100%; vertical-align: middle; display: inline-block; line-height: 0;\"><img decoding=\"async\" class=\"rich_pages wxw-img\" style=\"vertical-align: middle; max-width: 100%; width: 100%;\" src=\"https:\/\/chinesische-sprachschule-stuttgart.de\/media\/2025\/08\/wxsync-2025-08-0a974b239f778eb7b60c344a6f257986.webp\" data-ratio=\"0.5212963\" data-s=\"300,640\" data-type=\"jpeg\" data-w=\"1080\" data-imgfileid=\"502187960\" alt=\"\" title=\"\"><\/section>\n<\/section>\n<section style=\"text-align: center; font-size: 14px;\">\n<p style=\"margin: 0px; padding: 0px;\"><em>Ansprache des Schulleiters des Porsche-Gymnasiums und verschiedene Preisverleihungen bei der Feier<\/em><\/p>\n<\/section>\n<\/section>\n<p style=\"text-indent: 2em;\">\n<p style=\"text-indent: 2em; margin-bottom: 24px;\"><span style=\"font-size: 17px; , arial, sans-serif;line-height: 1.6; letter-spacing: 0.034em; font-style: normal; font-weight: normal;\">Die Hauptstelle der Chinesischen Sprachschule Stuttgart ist im September 2023 in das Porsche-Gymnasium im Stuttgarter Stadtteil Zuffenhausen umgezogen<\/span><span style=\", arial, sans-serif;font-size: 17px; font-style: normal; font-weight: 400; letter-spacing: 0.578px; text-align: justify; text-indent: 34px; text-transform: none; float: none; display: inline !important;\" data-pm-slice=\"0 0 []\"><span style=\"margin-top: 0px; margin-right: 0px; margin-left: 0px; padding: 0px; max-width: 100%; , arial, sans-serif;letter-spacing: 0.544px; text-indent: 2em;\"> und hat eine enge Beziehung und eine tiefe Freundschaft mit dem Porsche-Gymnasium aufgebaut. Bei der Abschlussfeier 2024 f\u00fchrte die Erwachsenen-Tanzgruppe der Chinesischen Sprachschule Stuttgart den Gruppentanz \u201eYan Wu Xie\u201c auf, der von den Lehrern, Sch\u00fclern und Eltern des Porsche-Gymnasiums herzlich aufgenommen wurde. Dieses Jahr wurde die Chinesische Sprachschule Stuttgart erneut eingeladen, an der Feier teilzunehmen und gemeinsam den Beginn der Sommerferien zu begr\u00fc\u00dfen.<\/span><\/span><\/p>\n<section style=\"font-style: normal; font-weight: 400; text-align: justify; font-size: 16px;\" data-pm-slice=\"0 0 []\">\n<section style=\"text-align: center; margin-top: 10px; margin-bottom: 10px; line-height: 0;\">\n<section style=\"max-width: 100%; vertical-align: middle; display: inline-block; line-height: 0;\"><img decoding=\"async\" class=\"rich_pages wxw-img\" style=\"vertical-align: middle; max-width: 100%; width: 100%;\" src=\"https:\/\/chinesische-sprachschule-stuttgart.de\/media\/2025\/08\/wxsync-2025-08-32ed0409677a78ad605af6fee7ece76c.webp\" data-ratio=\"0.5555555555555556\" data-s=\"300,640\" data-type=\"jpeg\" data-w=\"1080\" data-imgfileid=\"502187976\" alt=\"\" title=\"\"><\/section>\n<\/section>\n<section style=\"text-align: center; margin-top: 10px; margin-bottom: 10px; line-height: 0;\">\n<section style=\"max-width: 100%; vertical-align: middle; display: inline-block; line-height: 0;\"><img decoding=\"async\" class=\"rich_pages wxw-img\" style=\"vertical-align: middle; max-width: 100%; width: 100%;\" src=\"https:\/\/chinesische-sprachschule-stuttgart.de\/media\/2025\/08\/wxsync-2025-08-6daebe014c9f31b0849db6517fbd99e3.webp\" data-ratio=\"0.6324074074074074\" data-s=\"300,640\" data-type=\"jpeg\" data-w=\"1080\" data-imgfileid=\"502187975\" alt=\"\" title=\"\"><\/section>\n<\/section>\n<section style=\"text-align: center; font-size: 14px;\">\n<p style=\"margin: 0px 0px 24px; padding: 0px;\"><em>Schulleiterin Chen Wei im Gespr\u00e4ch mit Schulleiter G\u00f6ser und Konrektor Kempkens bei der Feier<\/em><\/p>\n<\/section>\n<\/section>\n<p style=\"text-indent: 2em; margin-top: 8px; margin-bottom: 24px;\"><span style=\"font-size: 17px; , arial, sans-serif;line-height: 1.6; letter-spacing: 0.034em; font-style: normal; font-weight: normal;\">Die Chinesische Sprachschule Stuttgart bereicherte die Abschlussfeier mit zwei wunderbaren chinesischen Volkst\u00e4nzen. Unter der Leitung der Lehrerinnen Wang Shuyi und Yang Le pr\u00e4sentierte die Kindertanzgruppe zwei St\u00fccke f\u00fcr die Abschlussfeier des Porsche-Gymnasiums: den frischen und eleganten Kindertanz \u201eSchmetterlinge am Brunnen\u201c und den feurig-leidenschaftlichen Kindertanz \u201eHani-Sch\u00e4tze\u201c.<\/span><\/p>\n<section style=\"font-style: normal; font-weight: 400; text-align: justify; font-size: 16px;\" data-pm-slice=\"0 0 []\">\n<section style=\"text-align: center; margin-top: 10px; margin-bottom: 10px; line-height: 0;\">\n<section style=\"max-width: 100%; vertical-align: middle; display: inline-block; line-height: 0;\"><img decoding=\"async\" class=\"rich_pages wxw-img\" style=\"vertical-align: middle; max-width: 100%; width: 100%;\" src=\"https:\/\/chinesische-sprachschule-stuttgart.de\/media\/2025\/08\/wxsync-2025-08-bc1ec0ca96c24e965f0999c0b51876d8.webp\" data-ratio=\"0.6407407407407407\" data-s=\"300,640\" data-type=\"jpeg\" data-w=\"1080\" data-imgfileid=\"502187964\" alt=\"\" title=\"\"><\/section>\n<\/section>\n<section style=\"text-align: center; margin-top: 10px; margin-bottom: 10px; line-height: 0;\">\n<section style=\"max-width: 100%; vertical-align: middle; display: inline-block; line-height: 0;\"><img decoding=\"async\" class=\"rich_pages wxw-img\" style=\"vertical-align: middle; max-width: 100%; width: 100%;\" src=\"https:\/\/chinesische-sprachschule-stuttgart.de\/media\/2025\/08\/wxsync-2025-08-efa95534964f676ec8db965a468d053e.webp\" data-ratio=\"0.6324074074074074\" data-s=\"300,640\" data-type=\"jpeg\" data-w=\"1080\" data-imgfileid=\"502187967\" alt=\"\" title=\"\"><\/section>\n<\/section>\n<section style=\"text-align: center; margin-top: 10px; margin-bottom: 10px; line-height: 0;\">\n<section style=\"max-width: 100%; vertical-align: middle; display: inline-block; line-height: 0;\"><img decoding=\"async\" class=\"rich_pages wxw-img\" style=\"vertical-align: middle; max-width: 100%; width: 100%;\" src=\"https:\/\/chinesische-sprachschule-stuttgart.de\/media\/2025\/08\/wxsync-2025-08-e7fdfc51f09e7fff3ae748ae2282e5e0.webp\" data-ratio=\"0.581725888324873\" data-s=\"300,640\" data-type=\"jpeg\" data-w=\"985\" data-imgfileid=\"502187966\" alt=\"\" title=\"\"><\/section>\n<\/section>\n<section style=\"text-align: center; margin-top: 10px; margin-bottom: 10px; line-height: 0;\">\n<section style=\"max-width: 100%; vertical-align: middle; display: inline-block; line-height: 0;\"><img decoding=\"async\" class=\"rich_pages wxw-img\" style=\"vertical-align: middle; max-width: 100%; width: 100%;\" src=\"https:\/\/chinesische-sprachschule-stuttgart.de\/media\/2025\/08\/wxsync-2025-08-051e5004d0e42935db54205fb75f7cae.webp\" data-ratio=\"0.625\" data-s=\"300,640\" data-type=\"jpeg\" data-w=\"1080\" data-imgfileid=\"502187965\" alt=\"\" title=\"\"><\/section>\n<\/section>\n<section style=\"text-align: center; font-size: 14px;\">\n<p style=\"margin: 0px; padding: 0px;\"><em>Die kleine Tanzgruppe f\u00fchrt den Kindertanz \u201eSchmetterlinge am Brunnen\u201c auf<\/em><\/p>\n<\/section>\n<\/section>\n<p style=\"text-indent: 2em; margin-top: 24px; margin-bottom: 24px;\"><span style=\"font-size: 17px; , arial, sans-serif;line-height: 1.6; letter-spacing: 0.034em; font-style: normal; font-weight: normal;\">Die anmutigen T\u00e4nze der kleinen Darsteller in ihren traditionellen Kost\u00fcmen ernteten tosenden Applaus vom Publikum. Die T\u00e4nze zeigten nicht nur den einzigartigen Charme der chinesischen Kultur, sondern lie\u00dfen auch die anwesenden Lehrer, Sch\u00fcler und Eltern des Porsche-Gymnasiums die W\u00e4rme und Vitalit\u00e4t des deutsch-chinesischen Kulturaustauschs sp\u00fcren. Sie bereicherten nicht nur die Veranstaltung, sondern bauten auch eine Br\u00fccke der Freundschaft zwischen den beiden Schulen.<\/span><\/p>\n<section style=\"font-style: normal; font-weight: 400; text-align: justify; font-size: 16px;\" data-pm-slice=\"0 0 []\">\n<section style=\"text-align: center; margin-top: 10px; margin-bottom: 10px; line-height: 0;\">\n<section style=\"max-width: 100%; vertical-align: middle; display: inline-block; line-height: 0;\"><img decoding=\"async\" class=\"rich_pages wxw-img\" style=\"vertical-align: middle; max-width: 100%; width: 100%;\" src=\"https:\/\/chinesische-sprachschule-stuttgart.de\/media\/2025\/08\/wxsync-2025-08-92efad1e17274f2666c4595f35ac5227.webp\" data-ratio=\"0.6263473\" data-s=\"300,640\" data-type=\"jpeg\" data-w=\"835\" data-imgfileid=\"502187968\" alt=\"\" title=\"\"><\/section>\n<\/section>\n<section style=\"text-align: center; margin-top: 10px; margin-bottom: 10px; line-height: 0;\">\n<section style=\"max-width: 100%; vertical-align: middle; display: inline-block; line-height: 0;\"><img decoding=\"async\" class=\"rich_pages wxw-img\" style=\"vertical-align: middle; max-width: 100%; width: 100%;\" src=\"https:\/\/chinesische-sprachschule-stuttgart.de\/media\/2025\/08\/wxsync-2025-08-8feff02d297d894f0420a3170408b55d.webp\" data-ratio=\"0.6296296\" data-s=\"300,640\" data-type=\"jpeg\" data-w=\"1080\" data-imgfileid=\"502187971\" alt=\"\" title=\"\"><\/section>\n<\/section>\n<section style=\"text-align: center; margin-top: 10px; margin-bottom: 10px; line-height: 0;\">\n<section style=\"max-width: 100%; vertical-align: middle; display: inline-block; line-height: 0;\"><img decoding=\"async\" class=\"rich_pages wxw-img\" style=\"vertical-align: middle; max-width: 100%; width: 100%;\" src=\"https:\/\/chinesische-sprachschule-stuttgart.de\/media\/2025\/08\/wxsync-2025-08-6f867138abcac4be79839538e3bcf529.webp\" data-ratio=\"0.5675926\" data-s=\"300,640\" data-type=\"jpeg\" data-w=\"1080\" data-imgfileid=\"502187970\" alt=\"\" title=\"\"><\/section>\n<\/section>\n<section style=\"text-align: center; margin-top: 10px; margin-bottom: 10px; line-height: 0;\">\n<section style=\"max-width: 100%; vertical-align: middle; display: inline-block; line-height: 0;\"><img decoding=\"async\" class=\"rich_pages wxw-img\" style=\"vertical-align: middle; max-width: 100%; width: 100%;\" src=\"https:\/\/chinesische-sprachschule-stuttgart.de\/media\/2025\/08\/wxsync-2025-08-94652b82ec58bc993e673546b889b875.webp\" data-ratio=\"0.6\" data-s=\"300,640\" data-type=\"jpeg\" data-w=\"1080\" data-imgfileid=\"502187969\" alt=\"\" title=\"\"><\/section>\n<\/section>\n<section style=\"text-align: center; font-size: 14px;\">\n<p style=\"margin: 0px; padding: 0px;\"><em>Die gro\u00dfe Tanzgruppe f\u00fchrt den Kindertanz \u201eHani-Sch\u00e4tze\u201c auf<\/em><\/p>\n<\/section>\n<\/section>\n<p style=\"margin: 24px 0px; padding: 0px; text-indent: 2em;\"><em style=\"margin-right: 0px; margin-left: 0px; padding: 0px; max-width: 100%; font-style: italic; , arial, sans-serif;font-size: 17px; font-weight: 400; letter-spacing: 0.544px; text-align: justify; text-transform: none;\" data-pm-slice=\"2 2 [&quot;para&quot;,{&quot;tagName&quot;:&quot;section&quot;,&quot;attributes&quot;:{},&quot;namespaceURI&quot;:&quot;http:\/\/www.w3.org\/1999\/xhtml&quot;},&quot;para&quot;,{&quot;tagName&quot;:&quot;section&quot;,&quot;attributes&quot;:{},&quot;namespaceURI&quot;:&quot;http:\/\/www.w3.org\/1999\/xhtml&quot;},&quot;para&quot;,{&quot;tagName&quot;:&quot;section&quot;,&quot;attributes&quot;:{},&quot;namespaceURI&quot;:&quot;http:\/\/www.w3.org\/1999\/xhtml&quot;},&quot;para&quot;,{&quot;tagName&quot;:&quot;section&quot;,&quot;attributes&quot;:{},&quot;namespaceURI&quot;:&quot;http:\/\/www.w3.org\/1999\/xhtml&quot;},&quot;para&quot;,{&quot;tagName&quot;:&quot;section&quot;,&quot;attributes&quot;:{},&quot;namespaceURI&quot;:&quot;http:\/\/www.w3.org\/1999\/xhtml&quot;},&quot;para&quot;,{&quot;tagName&quot;:&quot;section&quot;,&quot;attributes&quot;:{},&quot;namespaceURI&quot;:&quot;http:\/\/www.w3.org\/1999\/xhtml&quot;},&quot;para&quot;,{&quot;tagName&quot;:&quot;section&quot;,&quot;attributes&quot;:{},&quot;namespaceURI&quot;:&quot;http:\/\/www.w3.org\/1999\/xhtml&quot;},&quot;para&quot;,{&quot;tagName&quot;:&quot;section&quot;,&quot;attributes&quot;:{},&quot;namespaceURI&quot;:&quot;http:\/\/www.w3.org\/1999\/xhtml&quot;},&quot;para&quot;,{&quot;tagName&quot;:&quot;section&quot;,&quot;attributes&quot;:{},&quot;namespaceURI&quot;:&quot;http:\/\/www.w3.org\/1999\/xhtml&quot;},&quot;para&quot;,{&quot;tagName&quot;:&quot;section&quot;,&quot;attributes&quot;:{&quot;style&quot;:&quot;box-sizing: border-box; font-style: normal; font-weight: 400; text-align: justify; font-size: 16px; color: rgb(62, 62, 62);&quot;,&quot;data-pm-slice&quot;:&quot;0 0 []&quot;},&quot;namespaceURI&quot;:&quot;http:\/\/www.w3.org\/1999\/xhtml&quot;},&quot;para&quot;,{&quot;tagName&quot;:&quot;section&quot;,&quot;attributes&quot;:{&quot;style&quot;:&quot;text-align: center; font-size: 14px; box-sizing: border-box;&quot;},&quot;namespaceURI&quot;:&quot;http:\/\/www.w3.org\/1999\/xhtml&quot;},&quot;para&quot;,{&quot;tagName&quot;:&quot;p&quot;,&quot;attributes&quot;:{&quot;style&quot;:&quot;margin: 0px; padding: 0px; box-sizing: border-box;&quot;},&quot;namespaceURI&quot;:&quot;http:\/\/www.w3.org\/1999\/xhtml&quot;}]\"><span style=\"margin-right: 0px; margin-left: 0px; padding: 0px; max-width: 100%;\"><span style=\"margin-right: 0px; margin-left: 0px; padding: 0px; max-width: 100%; letter-spacing: 0.034em;\"><span style=\"margin-right: 0px; margin-left: 0px; padding: 0px; max-width: 100%;\"><span style=\"font-style: normal;\">Die wunderbare Darbietung der Tanzgruppe der Chinesischen Sprachschule Stuttgart wurde zum H\u00f6hepunkt der Abschlussfeier. Die anmutigen T\u00e4nze im chinesischen Stil brachten der Feier sommerliche Segensw\u00fcnsche. Nach der Auff\u00fchrung machten der Schulleiter des Porsche-Gymnasiums, Herr G\u00f6ser, und Direktor Bacher, zusammen mit der Schulleiterin der Chinesischen Sprachschule, Frau Chen Wei, sowie den Tanzlehrerinnen und T\u00e4nzerinnen ein Gruppenfoto, um den Erfolg der Auff\u00fchrung zu feiern, die Freundschaft zwischen den beiden Schulen zu bezeugen und eine wunderbare Erinnerung zu schaffen.<\/span><\/span><\/span><\/span><\/em><\/p>\n<section style=\"font-style: normal; font-weight: 400; text-align: justify; font-size: 16px;\" data-pm-slice=\"0 0 []\">\n<section style=\"text-align: center; margin-top: 10px; margin-bottom: 10px; line-height: 0;\">\n<section style=\"max-width: 100%; vertical-align: middle; display: inline-block; line-height: 0;\"><img decoding=\"async\" class=\"rich_pages wxw-img\" style=\"vertical-align: middle; max-width: 100%; width: 100%;\" src=\"https:\/\/chinesische-sprachschule-stuttgart.de\/media\/2025\/08\/wxsync-2025-08-1315206889c1259d7e3f00e03bd0a529.webp\" data-ratio=\"0.7481481\" data-s=\"300,640\" data-type=\"jpeg\" data-w=\"1080\" data-imgfileid=\"502187972\" alt=\"\" title=\"\"><\/section>\n<\/section>\n<section style=\"text-align: center; font-size: 14px;\">\n<p style=\"margin: 0px; padding: 0px;\"><em>Gruppenfoto von Schulleiter G\u00f6ser, Schulleiterin Chen Wei, Direktor Bacher und den Tanzlehrerinnen mit den T\u00e4nzerinnen<\/em><\/p>\n<\/section>\n<\/section>\n<p style=\"text-indent: 2em;\">\n<section style=\"font-style: normal; font-weight: 400; text-align: justify; font-size: 16px;\" data-pm-slice=\"0 0 []\">\n<section style=\"text-align: center; margin-top: 10px; margin-bottom: 10px; line-height: 0;\">\n<section style=\"max-width: 100%; vertical-align: middle; display: inline-block; line-height: 0;\"><img decoding=\"async\" class=\"rich_pages wxw-img\" style=\"vertical-align: middle; max-width: 100%; width: 100%;\" src=\"https:\/\/chinesische-sprachschule-stuttgart.de\/media\/2025\/08\/wxsync-2025-08-61c80c6b8b2f5ae2d60d811e894ade46.webp\" data-ratio=\"0.75\" data-s=\"300,640\" data-type=\"jpeg\" data-w=\"1080\" data-imgfileid=\"502187979\" alt=\"\" title=\"\"><\/section>\n<\/section>\n<section style=\"text-align: center; margin-top: 10px; margin-bottom: 10px; line-height: 0;\">\n<section style=\"max-width: 100%; vertical-align: middle; display: inline-block; line-height: 0;\"><img decoding=\"async\" class=\"rich_pages wxw-img\" style=\"vertical-align: middle; max-width: 100%; width: 100%;\" src=\"https:\/\/chinesische-sprachschule-stuttgart.de\/media\/2025\/08\/wxsync-2025-08-73078385107f32f2d98457b0cee3fedc.webp\" data-ratio=\"0.75\" data-s=\"300,640\" data-type=\"jpeg\" data-w=\"1080\" data-imgfileid=\"502187980\" alt=\"\" title=\"\"><\/section>\n<\/section>\n<section style=\"text-align: center; margin-top: 10px; margin-bottom: 10px; line-height: 0;\">\n<section style=\"max-width: 100%; vertical-align: middle; display: inline-block; line-height: 0;\"><img decoding=\"async\" class=\"rich_pages wxw-img\" style=\"vertical-align: middle; max-width: 100%; width: 100%;\" src=\"https:\/\/chinesische-sprachschule-stuttgart.de\/media\/2025\/08\/wxsync-2025-08-e5f4b8656f38306891019d23dd507c1a.webp\" data-ratio=\"0.6648148148148149\" data-s=\"300,640\" data-type=\"jpeg\" data-w=\"1080\" data-imgfileid=\"502187977\" alt=\"\" title=\"\"><\/section>\n<\/section>\n<section style=\"text-align: center; margin-top: 10px; margin-bottom: 10px; line-height: 0;\">\n<section style=\"max-width: 100%; vertical-align: middle; display: inline-block; line-height: 0;\"><img decoding=\"async\" class=\"rich_pages wxw-img\" style=\"vertical-align: middle; max-width: 100%; width: 100%;\" src=\"https:\/\/chinesische-sprachschule-stuttgart.de\/media\/2025\/08\/wxsync-2025-08-aa7def8bbcba9275e8bf3cc5b53839ae.webp\" data-ratio=\"0.6064815\" data-s=\"300,640\" data-type=\"jpeg\" data-w=\"1080\" data-imgfileid=\"502187978\" alt=\"\" title=\"\"><\/section>\n<\/section>\n<section style=\"text-align: center; font-size: 14px;\">\n<p style=\"margin: 0px; padding: 0px;\"><em>Die Kindertanzgruppe bei der Feier<\/em><\/p>\n<\/section>\n<\/section>\n<p style=\"text-indent: 2em;\">\n<p style=\"text-indent: 2em; margin-bottom: 24px;\"><span style=\"font-size: 17px; , arial, sans-serif;line-height: 1.6; letter-spacing: 0.034em; font-style: normal; font-weight: normal;\">Neben den k\u00fcnstlerischen Darbietungen bot die Veranstaltung auch eine Vielzahl an kulinarischen Gen\u00fcssen, von exquisiten Snacks und s\u00fc\u00dfen Kuchen bis hin zu duftendem Grillgut. Zus\u00e4tzlich wurde ein spezieller Bereich f\u00fcr chinesische Spezialit\u00e4ten eingerichtet. Hei\u00dfe Baozi, Fr\u00fchlingsrollen und Nudeln zogen viele Sch\u00fcler, Lehrer und Eltern an, die diese probierten und kauften. W\u00e4hrend sie das Essen genossen, vertieften sie ihr Interesse und ihre Zuneigung zur chinesischen Kultur.<\/span><\/p>\n<section style=\"font-style: normal; font-weight: 400; text-align: justify; font-size: 16px;\" data-pm-slice=\"0 0 []\">\n<section style=\"text-align: center; margin-top: 10px; margin-bottom: 10px; line-height: 0;\">\n<section style=\"max-width: 100%; vertical-align: middle; display: inline-block; line-height: 0; width: 90%; height: auto;\"><img decoding=\"async\" class=\"rich_pages wxw-img\" style=\"vertical-align: middle; max-width: 100%; width: 100%;\" src=\"https:\/\/chinesische-sprachschule-stuttgart.de\/media\/2025\/08\/wxsync-2025-08-5cc8b6d584c032d73d026ba23cff2574.webp\" data-ratio=\"0.5648148148148148\" data-s=\"300,640\" data-type=\"jpeg\" data-w=\"1080\" data-imgfileid=\"502187992\" alt=\"\" title=\"\"><\/section>\n<\/section>\n<section style=\"text-align: center; margin-top: 10px; margin-bottom: 10px; line-height: 0;\">\n<section style=\"max-width: 100%; vertical-align: middle; display: inline-block; line-height: 0; width: 90%; height: auto;\"><img decoding=\"async\" class=\"rich_pages wxw-img\" style=\"vertical-align: middle; max-width: 100%; width: 100%;\" src=\"https:\/\/chinesische-sprachschule-stuttgart.de\/media\/2025\/08\/wxsync-2025-08-6fff087b8638a11a85c8d86a43d2a7b4.webp\" data-ratio=\"0.562962962962963\" data-s=\"300,640\" data-type=\"jpeg\" data-w=\"1080\" data-imgfileid=\"502187993\" alt=\"\" title=\"\"><\/section>\n<\/section>\n<section style=\"text-align: center; margin-top: 10px; margin-bottom: 10px; line-height: 0;\">\n<section style=\"max-width: 100%; vertical-align: middle; display: inline-block; line-height: 0; width: 90%; height: auto;\"><img decoding=\"async\" class=\"rich_pages wxw-img\" style=\"vertical-align: middle; max-width: 100%; width: 100%;\" src=\"https:\/\/chinesische-sprachschule-stuttgart.de\/media\/2025\/08\/wxsync-2025-08-e5666344498ccf18adac49723e9e84d7.webp\" data-ratio=\"0.7184466\" data-s=\"300,640\" data-type=\"jpeg\" data-w=\"721\" data-imgfileid=\"502187990\" alt=\"\" title=\"\"><\/section>\n<\/section>\n<section style=\"text-align: center; margin-top: 10px; margin-bottom: 10px; line-height: 0;\">\n<section style=\"max-width: 100%; vertical-align: middle; display: inline-block; line-height: 0; width: 90%; height: auto;\"><img decoding=\"async\" class=\"rich_pages wxw-img\" style=\"vertical-align: middle; max-width: 100%; width: 100%;\" src=\"https:\/\/chinesische-sprachschule-stuttgart.de\/media\/2025\/08\/wxsync-2025-08-2a967cbeb6f7d6579847b77af6bbe65b.webp\" data-ratio=\"0.5721649484536082\" data-s=\"300,640\" data-type=\"jpeg\" data-w=\"970\" data-imgfileid=\"502187989\" alt=\"\" title=\"\"><\/section>\n<\/section>\n<section style=\"text-align: center; margin-top: 10px; margin-bottom: 10px; line-height: 0;\">\n<section style=\"max-width: 100%; vertical-align: middle; display: inline-block; line-height: 0; width: 90%; height: auto;\"><img decoding=\"async\" class=\"rich_pages wxw-img\" style=\"vertical-align: middle; max-width: 100%; width: 100%;\" src=\"https:\/\/chinesische-sprachschule-stuttgart.de\/media\/2025\/08\/wxsync-2025-08-367ef60518f7243d4143f08bffa05c51.webp\" data-ratio=\"0.6\" data-s=\"300,640\" data-type=\"jpeg\" data-w=\"1080\" data-imgfileid=\"502187991\" alt=\"\" title=\"\"><\/section>\n<\/section>\n<section style=\"text-align: center; font-size: 14px;\">\n<p style=\"margin: 0px; padding: 0px;\"><em>Essensst\u00e4nde bei der Abschlussfeier<\/em><\/p>\n<\/section>\n<\/section>\n<p style=\"text-indent: 2em; margin-bottom: 24px;\"><span style=\"margin-top: 0px; margin-right: 0px; margin-left: 0px; padding: 0px; max-width: 100%; , arial, sans-serif;font-style: normal; font-weight: 400; text-align: justify; text-transform: none; font-size: 17px; letter-spacing: 0.578px; text-indent: 34px;\" data-pm-slice=\"0 0 []\">Bei der Abschlussfeier des FPGZ wurden auch verschiedene Arbeitsgemeinschaften vorgestellt. Der Stand der Chinesisch-AG (China AG) fiel durch sein leuchtendes Rot besonders auf. Mit chinesischen Schriftzeichen, Malereien, der chinesischen Flagge und Fotos von Chinareisen wurden die kulturellen Besonderheiten Chinas pr\u00e4sentiert.<\/span><\/p>\n<section style=\"font-style: normal; font-weight: 400; text-align: justify; font-size: 16px;\" data-pm-slice=\"0 0 []\">\n<section style=\"text-align: left; justify-content: flex-start; display: flex; flex-flow: row; margin: 10px 0px;\">\n<section style=\"display: inline-block; vertical-align: middle; width: auto; align-self: center; flex: 100 100 0%; height: auto; margin: 0px 17px 0px 0px;\">\n<section style=\"text-align: center; margin: 0px; line-height: 0;\">\n<section style=\"max-width: 100%; vertical-align: middle; display: inline-block; line-height: 0; border-radius: 11px; overflow: hidden;\"><img decoding=\"async\" class=\"rich_pages wxw-img\" style=\"vertical-align: middle; max-width: 100%; width: 100%;\" src=\"https:\/\/chinesische-sprachschule-stuttgart.de\/media\/2025\/08\/wxsync-2025-08-4af9a1db70208699a6c4746bcf2a20aa.webp\" data-ratio=\"1.337037037037037\" data-s=\"300,640\" data-type=\"jpeg\" data-w=\"1080\" data-imgfileid=\"502187995\" alt=\"\" title=\"\"><\/section>\n<\/section>\n<\/section>\n<section style=\"display: inline-block; vertical-align: middle; width: auto; align-self: center; flex: 100 100 0%; padding: 0px; height: auto;\">\n<section style=\"margin: 0px 0px 20px; line-height: 0;\">\n<section style=\"max-width: 100%; vertical-align: middle; display: inline-block; line-height: 0; border-radius: 11px; overflow: hidden; width: 100%; height: auto;\"><img decoding=\"async\" class=\"rich_pages wxw-img\" style=\"vertical-align: middle; max-width: 100%; width: 100%;\" src=\"https:\/\/chinesische-sprachschule-stuttgart.de\/media\/2025\/08\/wxsync-2025-08-1a6911276beae0084a4f8e139200e75b.webp\" data-ratio=\"0.7481481481481481\" data-s=\"300,640\" data-type=\"jpeg\" data-w=\"1080\" data-imgfileid=\"502187994\" alt=\"\" title=\"\"><\/section>\n<\/section>\n<section style=\"justify-content: flex-start; display: flex; flex-flow: row; margin: 10px 0px 0px;\">\n<section style=\"display: inline-block; vertical-align: middle; width: auto; flex: 100 100 0%; height: auto; align-self: center;\">\n<section style=\"margin: 0.5em 0px;\">\n<section style=\"height: 1px;\"><\/section>\n<\/section>\n<\/section>\n<section style=\"display: inline-block; vertical-align: middle; width: auto; align-self: center; flex: 0 0 auto; min-width: 5%; max-width: 100%; height: auto; padding: 5px 13px; border-radius: 7px; overflow: hidden; margin: 0px;\">\n<section style=\"text-align: justify;\">\n<p style=\"margin: 0px; padding: 0px;\">SUMMER<\/p>\n<\/section>\n<\/section>\n<section style=\"display: inline-block; vertical-align: middle; width: auto; align-self: center; flex: 100 100 0%; height: auto;\">\n<section style=\"margin: 0.5em 0px;\">\n<section style=\"height: 1px;\"><\/section>\n<\/section>\n<\/section>\n<\/section>\n<\/section>\n<\/section>\n<section style=\"text-align: center; font-size: 14px;\">\n<p style=\"margin: 0px; padding: 0px;\"><em>Vorstellung der Chinesisch-AG des Porsche-Gymnasiums bei der Feier<\/em><\/p>\n<\/section>\n<\/section>\n<p style=\"text-indent: 2em;\">\n<p style=\"text-indent: 2em;\"><span style=\"font-size: 17px; , arial, sans-serif;line-height: 1.6; letter-spacing: 0.034em; font-style: normal; font-weight: normal;\">Diese Abschlussfeier war sowohl ein R\u00fcckblick auf das Semester als auch ein Fest des kulturellen Austauschs, bei dem chinesische Elemente hell erstrahlten. Inmitten von Lachen und Applaus starteten die Sch\u00fcler des Porsche-Gymnasiums in entspannte und fr\u00f6hliche Sommerferien, um neue Energie f\u00fcr das kommende Schuljahr zu sammeln. Die Feier dauerte bis in die Abendstunden \u2026<\/span><\/p>\n<\/section>\n<\/section>\n<\/section>\n<\/section>\n<\/section>\n<\/section>\n<\/section>\n<section style=\"letter-spacing: 0.578px;\">\n<section>\n<section style=\", arial, sans-serif;letter-spacing: 0.544px; text-align: left; margin-top: 0px;\"><strong><span style=\"font-family: \u5b8b\u4f53; font-size: 15px;\">Bericht: <\/span><\/strong><span style=\"font-family: \u5b8b\u4f53; font-size: 15px; letter-spacing: 0.544px; text-align: left;\"><span style=\"font-style: italic;\">Schulb\u00fcro<\/span><\/span><\/section>\n<p style=\", arial, sans-serif;letter-spacing: 0.544px; text-align: left;\"><strong><span style=\"font-family: \u5b8b\u4f53; font-size: 15px;\">Redaktion: <\/span><\/strong><span style=\"font-family: \u5b8b\u4f53; font-size: 15px;\"><span style=\"font-style: italic;\">Dong Ming u.a.<\/span><br \/>\n<\/span><\/p>\n<section style=\", arial, sans-serif;letter-spacing: 0.544px; text-align: left;\"><strong><span style=\"font-family: \u5b8b\u4f53; font-size: 15px;\">Fotografie:<\/span><\/strong><span style=\"font-family: \u5b8b\u4f53; font-size: 15px;\"> <span style=\"font-family: \u5b8b\u4f53; font-size: 15px; letter-spacing: 0.544px; text-align: left;\"><span style=\"letter-spacing: 0.544px; text-align: left; font-family: \u5b8b\u4f53; font-size: 15px;\"><span style=\"font-style: italic;\">Schulb\u00fcro, Lehrer, Eltern u.a.<\/span><\/span><\/span><\/span><\/section>\n<\/section>\n<\/section>\n<p style=\"display: none;\">\n<\/div>\n","protected":false},"excerpt":{"rendered":"<p>Abschlussfeier am Porsche-Gymn [&hellip;]<\/p>\n","protected":false},"author":3,"featured_media":3225,"comment_status":"closed","ping_status":"open","sticky":false,"template":"","format":"standard","meta":{"_acf_changed":false,"_EventAllDay":false,"_EventTimezone":"","_EventStartDate":"","_EventEndDate":"","_EventStartDateUTC":"","_EventEndDateUTC":"","_EventShowMap":false,"_EventShowMapLink":false,"_EventURL":"","_EventCost":"","_EventCostDescription":"","_EventCurrencySymbol":"","_EventCurrencyCode":"","_EventCurrencyPosition":"","_EventDateTimeSeparator":"","_EventTimeRangeSeparator":"","_EventOrganizerID":[],"_EventVenueID":[],"_OrganizerEmail":"","_OrganizerPhone":"","_OrganizerWebsite":"","_VenueAddress":"","_VenueCity":"","_VenueCountry":"","_VenueProvince":"","_VenueState":"","_VenueZip":"","_VenuePhone":"","_VenueURL":"","_VenueStateProvince":"","_VenueLat":"","_VenueLng":"","_VenueShowMap":false,"_VenueShowMapLink":false,"_themeisle_gutenberg_block_has_review":false,"_jetpack_memberships_contains_paid_content":false,"footnotes":"","jetpack_publicize_message":"","jetpack_publicize_feature_enabled":true,"jetpack_social_post_already_shared":false,"jetpack_social_options":{"image_generator_settings":{"template":"highway","default_image_id":0,"enabled":false},"version":2}},"categories":[10],"tags":[],"class_list":["post-3275","post","type-post","status-publish","format-standard","has-post-thumbnail","hentry","category-news-de"],"acf":[],"jetpack_publicize_connections":[],"jetpack_featured_media_url":"https:\/\/chinesische-sprachschule-stuttgart.de\/media\/2025\/08\/wxsync-2025-08-148435713c92957c3c1f6f578b9e08bb.webp","jetpack_sharing_enabled":true,"jetpack-related-posts":[{"id":106,"url":"http:\/\/chinesische-sprachschule-stuttgart.de\/de_de\/2025\/01\/20\/nanjing-delegation-zu-besuch-austausch-im-bildungsbereich-zwischen-china-und-deutschland\/","url_meta":{"origin":3275,"position":0},"title":"Nanjing-Delegation zu Besuch \u2013 Austausch im Bildungsbereich zwischen China und Deutschland","author":"author","date":"2025\u5e741\u670820\u65e5","format":false,"excerpt":"K\u00fcrzlich reiste eine f\u00fcnfk\u00f6pfige Delegation des Bi\u2026","rel":"","context":"In &quot;\u6700\u65b0\u52a8\u6001-de&quot;","block_context":{"text":"\u6700\u65b0\u52a8\u6001-de","link":"http:\/\/chinesische-sprachschule-stuttgart.de\/de_de\/category\/news-de\/"},"img":{"alt_text":"","src":"https:\/\/i0.wp.com\/chinesische-sprachschule-stuttgart.de\/media\/2025\/01\/nanjingkaochatuan-2e0ac6bc.webp?resize=350%2C200&ssl=1","width":350,"height":200,"srcset":"https:\/\/i0.wp.com\/chinesische-sprachschule-stuttgart.de\/media\/2025\/01\/nanjingkaochatuan-2e0ac6bc.webp?resize=350%2C200&ssl=1 1x, https:\/\/i0.wp.com\/chinesische-sprachschule-stuttgart.de\/media\/2025\/01\/nanjingkaochatuan-2e0ac6bc.webp?resize=525%2C300&ssl=1 1.5x, https:\/\/i0.wp.com\/chinesische-sprachschule-stuttgart.de\/media\/2025\/01\/nanjingkaochatuan-2e0ac6bc.webp?resize=700%2C400&ssl=1 2x"},"classes":[]},{"id":2237,"url":"http:\/\/chinesische-sprachschule-stuttgart.de\/de_de\/2025\/07\/12\/stundenplan-neue-klassen-und-interessenkurse-der-chinesischen-sprachschule-stuttgart-fur-das-schuljahr-2025-2026\/","url_meta":{"origin":3275,"position":1},"title":"Stundenplan, neue Klassen und Interessenkurse der Chinesischen Sprachschule Stuttgart f\u00fcr das Schuljahr 2025\/2026","author":"author","date":"2025\u5e747\u670812\u65e5","format":false,"excerpt":"Chinesische Sprachschule Stuttgart Hauptcampus: Fe\u2026","rel":"","context":"In &quot;\u6700\u65b0\u52a8\u6001-de&quot;","block_context":{"text":"\u6700\u65b0\u52a8\u6001-de","link":"http:\/\/chinesische-sprachschule-stuttgart.de\/de_de\/category\/news-de\/"},"img":{"alt_text":"","src":"https:\/\/i0.wp.com\/chinesische-sprachschule-stuttgart.de\/media\/2025\/07\/wxsync-2025-07-2ab3fe5f4e63d066dc6115cc2c55328b.webp?resize=350%2C200&ssl=1","width":350,"height":200,"srcset":"https:\/\/i0.wp.com\/chinesische-sprachschule-stuttgart.de\/media\/2025\/07\/wxsync-2025-07-2ab3fe5f4e63d066dc6115cc2c55328b.webp?resize=350%2C200&ssl=1 1x, https:\/\/i0.wp.com\/chinesische-sprachschule-stuttgart.de\/media\/2025\/07\/wxsync-2025-07-2ab3fe5f4e63d066dc6115cc2c55328b.webp?resize=525%2C300&ssl=1 1.5x, https:\/\/i0.wp.com\/chinesische-sprachschule-stuttgart.de\/media\/2025\/07\/wxsync-2025-07-2ab3fe5f4e63d066dc6115cc2c55328b.webp?resize=700%2C400&ssl=1 2x"},"classes":[]},{"id":5273,"url":"http:\/\/chinesische-sprachschule-stuttgart.de\/de_de\/2026\/03\/04\/fruhlingsfest-auf-dem-tempelmarkt-in-stuttgart-chinesisches-neujahr-in-der-schule\/","url_meta":{"origin":3275,"position":2},"title":"Fr\u00fchlingsfest auf dem Tempelmarkt in Stuttgart: Chinesisches Neujahr in der Schule","author":"author","date":"2026\u5e743\u67084\u65e5","format":false,"excerpt":"Neujahrstempelmarkt zum Jahr des Pferdes auf dem C\u2026","rel":"","context":"In &quot;\u6700\u65b0\u52a8\u6001-de&quot;","block_context":{"text":"\u6700\u65b0\u52a8\u6001-de","link":"http:\/\/chinesische-sprachschule-stuttgart.de\/de_de\/category\/news-de\/"},"img":{"alt_text":"","src":"","width":0,"height":0},"classes":[]},{"id":2151,"url":"http:\/\/chinesische-sprachschule-stuttgart.de\/de_de\/2025\/07\/12\/%e6%96%af%e5%9b%be%e5%8a%a0%e7%89%b9%e6%b1%89%e8%af%ad%e5%ad%a6%e6%a0%a12025-2026%e5%ad%a6%e5%b9%b4%e4%b8%8a%e8%af%be%e6%97%b6%e9%97%b4%e8%a1%a8%ef%bc%8c%e6%96%b0%e6%8b%9b%e7%8f%ad%e7%ba%a7%e5%92%8c\/","url_meta":{"origin":3275,"position":3},"title":"\u65af\u56fe\u52a0\u7279\u6c49\u8bed\u5b66\u68212025\/2026\u5b66\u5e74\u4e0a\u8bfe\u65f6\u95f4\u8868\uff0c\u65b0\u62db\u73ed\u7ea7\u548c\u5174\u8da3\u73ed\u4fe1\u606f","author":"author","date":"2025\u5e747\u670812\u65e5","format":false,"excerpt":"\u65af\u56fe\u52a0\u7279\u6c49\u8bed\u5b66\u6821\u4e3b\u6821\uff1a Ferdinand-Porsche-Gymnasium Haldenrain\u2026","rel":"","context":"In &quot;\u6700\u65b0\u52a8\u6001&quot;","block_context":{"text":"\u6700\u65b0\u52a8\u6001","link":"http:\/\/chinesische-sprachschule-stuttgart.de\/de_de\/category\/news\/"},"img":{"alt_text":"","src":"https:\/\/i0.wp.com\/chinesische-sprachschule-stuttgart.de\/media\/2025\/07\/wxsync-2025-07-2ab3fe5f4e63d066dc6115cc2c55328b.webp?resize=350%2C200&ssl=1","width":350,"height":200,"srcset":"https:\/\/i0.wp.com\/chinesische-sprachschule-stuttgart.de\/media\/2025\/07\/wxsync-2025-07-2ab3fe5f4e63d066dc6115cc2c55328b.webp?resize=350%2C200&ssl=1 1x, https:\/\/i0.wp.com\/chinesische-sprachschule-stuttgart.de\/media\/2025\/07\/wxsync-2025-07-2ab3fe5f4e63d066dc6115cc2c55328b.webp?resize=525%2C300&ssl=1 1.5x, https:\/\/i0.wp.com\/chinesische-sprachschule-stuttgart.de\/media\/2025\/07\/wxsync-2025-07-2ab3fe5f4e63d066dc6115cc2c55328b.webp?resize=700%2C400&ssl=1 2x"},"classes":[]},{"id":3456,"url":"http:\/\/chinesische-sprachschule-stuttgart.de\/de_de\/2025\/09\/15\/%e6%96%af%e5%9b%be%e5%8a%a0%e7%89%b9%e6%b1%89%e8%af%ad%e5%ad%a6%e6%a0%a12025-2026%e5%ad%a6%e5%b9%b4%e4%b8%8a%e8%af%be%e6%97%b6%e9%97%b4%e8%a1%a8%ef%bc%8c%e7%8f%ad%e7%ba%a7%e6%95%99%e5%ad%a6%e8%bf%9b\/","url_meta":{"origin":3275,"position":4},"title":"\u65af\u56fe\u52a0\u7279\u6c49\u8bed\u5b66\u68212025\/2026\u5b66\u5e74\u4e0a\u8bfe\u65f6\u95f4\u8868\uff0c\u73ed\u7ea7\u6559\u5b66\u8fdb\u5ea6\u8868\uff0c\u65b0\u62db\u73ed\u7ea7\u548c\u5174\u8da3\u73ed\u4fe1\u606f","author":"author","date":"2025\u5e749\u670815\u65e5","format":false,"excerpt":"\u65af\u56fe\u52a0\u7279\u6c49\u8bed\u5b66\u6821\u4e3b\u6821\uff1a Ferdinand-Porsche-Gymnasium Haldenrain\u2026","rel":"","context":"In &quot;\u6700\u65b0\u52a8\u6001&quot;","block_context":{"text":"\u6700\u65b0\u52a8\u6001","link":"http:\/\/chinesische-sprachschule-stuttgart.de\/de_de\/category\/news\/"},"img":{"alt_text":"","src":"https:\/\/i0.wp.com\/chinesische-sprachschule-stuttgart.de\/media\/2025\/10\/wxsync-2025-10-4ecf8136ddd53aae6c6dc3fe5b3fbd81.webp?resize=350%2C200&ssl=1","width":350,"height":200,"srcset":"https:\/\/i0.wp.com\/chinesische-sprachschule-stuttgart.de\/media\/2025\/10\/wxsync-2025-10-4ecf8136ddd53aae6c6dc3fe5b3fbd81.webp?resize=350%2C200&ssl=1 1x, https:\/\/i0.wp.com\/chinesische-sprachschule-stuttgart.de\/media\/2025\/10\/wxsync-2025-10-4ecf8136ddd53aae6c6dc3fe5b3fbd81.webp?resize=525%2C300&ssl=1 1.5x, https:\/\/i0.wp.com\/chinesische-sprachschule-stuttgart.de\/media\/2025\/10\/wxsync-2025-10-4ecf8136ddd53aae6c6dc3fe5b3fbd81.webp?resize=700%2C400&ssl=1 2x"},"classes":[]},{"id":102,"url":"http:\/\/chinesische-sprachschule-stuttgart.de\/de_de\/2025\/01\/21\/%e5%8d%97%e4%ba%ac%e8%80%83%e5%af%9f%e5%9b%a2%e6%9d%a5%e8%ae%bf-%e4%b8%ad%e5%be%b7%e6%95%99%e8%82%b2%e7%95%8c%e4%ba%a4%e6%b5%81\/","url_meta":{"origin":3275,"position":5},"title":"\u5357\u4eac\u8003\u5bdf\u56e2\u6765\u8bbf \u4e2d\u5fb7\u6559\u80b2\u754c\u4ea4\u6d41","author":"author","date":"2025\u5e741\u670821\u65e5","format":false,"excerpt":"\u8fd1\u65e5\uff0c\u5357\u4eac\u6559\u80b2\u5c40\u6559\u80b2\u6587\u5316\u8003\u5bdf\u56e2\u4e00\u884c5\u4eba\u8fdc\u8d74\u5fb7\u56fd\uff0c\u5c55\u5f00\u6559\u80b2\u6587\u5316\u4ea4\u6d41\u4e0e\u8003\u5bdf\u6d3b\u52a8\u3002\u901a\u8fc7\u65af\u56fe\u52a0\u7279\u6c49\u8bed\u5b66\u6821\u7684\u524d\u2026","rel":"","context":"In &quot;\u6700\u65b0\u52a8\u6001&quot;","block_context":{"text":"\u6700\u65b0\u52a8\u6001","link":"http:\/\/chinesische-sprachschule-stuttgart.de\/de_de\/category\/news\/"},"img":{"alt_text":"","src":"https:\/\/i0.wp.com\/chinesische-sprachschule-stuttgart.de\/media\/2025\/01\/nanjingkaochatuan-2e0ac6bc.webp?resize=350%2C200&ssl=1","width":350,"height":200,"srcset":"https:\/\/i0.wp.com\/chinesische-sprachschule-stuttgart.de\/media\/2025\/01\/nanjingkaochatuan-2e0ac6bc.webp?resize=350%2C200&ssl=1 1x, https:\/\/i0.wp.com\/chinesische-sprachschule-stuttgart.de\/media\/2025\/01\/nanjingkaochatuan-2e0ac6bc.webp?resize=525%2C300&ssl=1 1.5x, https:\/\/i0.wp.com\/chinesische-sprachschule-stuttgart.de\/media\/2025\/01\/nanjingkaochatuan-2e0ac6bc.webp?resize=700%2C400&ssl=1 2x"},"classes":[]}],"jetpack_shortlink":"https:\/\/wp.me\/pgAON2-QP","rttpg_featured_image_url":{"full":["https:\/\/chinesische-sprachschule-stuttgart.de\/media\/2025\/08\/wxsync-2025-08-148435713c92957c3c1f6f578b9e08bb.webp",1280,544,false],"landscape":["https:\/\/chinesische-sprachschule-stuttgart.de\/media\/2025\/08\/wxsync-2025-08-148435713c92957c3c1f6f578b9e08bb.webp",1280,544,false],"portraits":["https:\/\/chinesische-sprachschule-stuttgart.de\/media\/2025\/08\/wxsync-2025-08-148435713c92957c3c1f6f578b9e08bb.webp",1280,544,false],"thumbnail":["https:\/\/chinesische-sprachschule-stuttgart.de\/media\/2025\/08\/wxsync-2025-08-148435713c92957c3c1f6f578b9e08bb-150x150.webp",150,150,true],"medium":["https:\/\/chinesische-sprachschule-stuttgart.de\/media\/2025\/08\/wxsync-2025-08-148435713c92957c3c1f6f578b9e08bb-300x128.webp",300,128,true],"large":["https:\/\/chinesische-sprachschule-stuttgart.de\/media\/2025\/08\/wxsync-2025-08-148435713c92957c3c1f6f578b9e08bb-1024x435.webp",1024,435,true],"1536x1536":["https:\/\/chinesische-sprachschule-stuttgart.de\/media\/2025\/08\/wxsync-2025-08-148435713c92957c3c1f6f578b9e08bb.webp",1280,544,false],"2048x2048":["https:\/\/chinesische-sprachschule-stuttgart.de\/media\/2025\/08\/wxsync-2025-08-148435713c92957c3c1f6f578b9e08bb.webp",1280,544,false],"trp-custom-language-flag":["https:\/\/chinesische-sprachschule-stuttgart.de\/media\/2025\/08\/wxsync-2025-08-148435713c92957c3c1f6f578b9e08bb-18x8.webp",18,8,true]},"rttpg_author":{"display_name":"author","author_link":"http:\/\/chinesische-sprachschule-stuttgart.de\/de_de\/author\/author\/"},"rttpg_comment":0,"rttpg_category":"<a href=\"http:\/\/chinesische-sprachschule-stuttgart.de\/de_de\/category\/news-de\/\" rel=\"category tag\">\u6700\u65b0\u52a8\u6001-de<\/a>","rttpg_excerpt":"Abschlussfeier am Porsche-Gymn [&hellip;]","_links":{"self":[{"href":"http:\/\/chinesische-sprachschule-stuttgart.de\/de_de\/wp-json\/wp\/v2\/posts\/3275","targetHints":{"allow":["GET"]}}],"collection":[{"href":"http:\/\/chinesische-sprachschule-stuttgart.de\/de_de\/wp-json\/wp\/v2\/posts"}],"about":[{"href":"http:\/\/chinesische-sprachschule-stuttgart.de\/de_de\/wp-json\/wp\/v2\/types\/post"}],"author":[{"embeddable":true,"href":"http:\/\/chinesische-sprachschule-stuttgart.de\/de_de\/wp-json\/wp\/v2\/users\/3"}],"replies":[{"embeddable":true,"href":"http:\/\/chinesische-sprachschule-stuttgart.de\/de_de\/wp-json\/wp\/v2\/comments?post=3275"}],"version-history":[{"count":2,"href":"http:\/\/chinesische-sprachschule-stuttgart.de\/de_de\/wp-json\/wp\/v2\/posts\/3275\/revisions"}],"predecessor-version":[{"id":3278,"href":"http:\/\/chinesische-sprachschule-stuttgart.de\/de_de\/wp-json\/wp\/v2\/posts\/3275\/revisions\/3278"}],"wp:featuredmedia":[{"embeddable":true,"href":"http:\/\/chinesische-sprachschule-stuttgart.de\/de_de\/wp-json\/wp\/v2\/media\/3225"}],"wp:attachment":[{"href":"http:\/\/chinesische-sprachschule-stuttgart.de\/de_de\/wp-json\/wp\/v2\/media?parent=3275"}],"wp:term":[{"taxonomy":"category","embeddable":true,"href":"http:\/\/chinesische-sprachschule-stuttgart.de\/de_de\/wp-json\/wp\/v2\/categories?post=3275"},{"taxonomy":"post_tag","embeddable":true,"href":"http:\/\/chinesische-sprachschule-stuttgart.de\/de_de\/wp-json\/wp\/v2\/tags?post=3275"}],"curies":[{"name":"wp","href":"https:\/\/api.w.org\/{rel}","templated":true}]}}