{"id":1772,"date":"2025-05-15T14:21:09","date_gmt":"2025-05-15T12:21:09","guid":{"rendered":"https:\/\/chinesische-sprachschule-stuttgart.de\/?p=1772"},"modified":"2025-06-21T14:23:41","modified_gmt":"2025-06-21T12:23:41","slug":"literarisches-dali-eine-virtuelle-reise-zum-erhai-see-lesen-und-das-kulturerbe-gemeinsam-pflegen","status":"publish","type":"post","link":"http:\/\/chinesische-sprachschule-stuttgart.de\/de_de\/2025\/05\/15\/literarisches-dali-eine-virtuelle-reise-zum-erhai-see-lesen-und-das-kulturerbe-gemeinsam-pflegen\/","title":{"rendered":"Literarisches Dali: Eine virtuelle Reise zum Erhai-See \u2013 Lesen und das Kulturerbe gemeinsam pflegen"},"content":{"rendered":"<div class=\"wxsyncmain\">\n<section style=\"font-style: normal; font-weight: 400; text-align: justify; font-size: 16px;\" data-pm-slice=\"0 0 []\">\n<section style=\"text-align: center; justify-content: center; display: flex; flex-flow: row; margin: -10px 0px 0px;\">\n<section style=\"display: inline-block; vertical-align: middle; width: 30px; flex: 0 0 auto; height: auto; align-self: center;\">\n<section style=\"text-align: left; margin: 0px; line-height: 0;\">\n<section style=\"max-width: 100%; vertical-align: middle; display: inline-block; line-height: 0; width: 18px; height: auto;\"><img decoding=\"async\" class=\"rich_pages wxw-img\" style=\"vertical-align: middle; max-width: 100%; width: 100%;\" src=\"https:\/\/chinesische-sprachschule-stuttgart.de\/media\/2025\/06\/wxsync-2025-06-d703278fa65aa225620eb34398cd41af.webp\" data-ratio=\"0.964\" data-s=\"300,640\" data-type=\"png\" data-w=\"500\" data-imgfileid=\"502187433\" alt=\"\" title=\"\"><\/section>\n<\/section>\n<section style=\"text-align: right; margin: 0px; line-height: 0;\">\n<section style=\"max-width: 100%; vertical-align: middle; display: inline-block; line-height: 0; width: 10px; height: auto;\"><img decoding=\"async\" class=\"rich_pages wxw-img\" style=\"vertical-align: middle; max-width: 100%; width: 100%;\" src=\"https:\/\/chinesische-sprachschule-stuttgart.de\/media\/2025\/06\/wxsync-2025-06-861e52802159a44a8bd7815acd76013a.webp\" data-ratio=\"0.964\" data-s=\"300,640\" data-type=\"png\" data-w=\"500\" data-imgfileid=\"502187432\" alt=\"\" title=\"\"><\/section>\n<\/section>\n<\/section>\n<section style=\"display: inline-block; vertical-align: middle; width: auto; flex: 100 100 0%; height: auto; align-self: center;\">\n<section style=\"margin: 8px 0px 13px;\">\n<section style=\"height: 1px;\"><\/section>\n<\/section>\n<\/section>\n<section style=\"display: inline-block; vertical-align: middle; width: auto; align-self: center; flex: 0 0 auto; min-width: 5%; max-width: 100%; height: auto; padding: 0px 0px 0px 6px;\">\n<section>\n<section style=\"margin: 0px; line-height: 0;\">\n<section style=\"max-width: 100%; vertical-align: middle; display: inline-block; line-height: 0; width: 14px; height: auto;\"><img decoding=\"async\" class=\"rich_pages wxw-img\" style=\"vertical-align: middle; max-width: 100%; width: 100%;\" src=\"https:\/\/chinesische-sprachschule-stuttgart.de\/media\/2025\/06\/wxsync-2025-06-e673d7e6f7135d0f7712e2f8c85fda7e.webp\" data-ratio=\"2.1058496\" data-s=\"300,640\" data-type=\"png\" data-w=\"359\" data-imgfileid=\"502187434\" alt=\"\" title=\"\"><\/section>\n<\/section>\n<\/section>\n<\/section>\n<section style=\"display: inline-block; vertical-align: middle; width: auto; align-self: center; flex: 0 0 auto; min-width: 5%; max-width: 100%; height: auto;\">\n<section>\n<section style=\"margin-top: 10px; margin-bottom: 10px; line-height: 0;\">\n<section style=\"max-width: 100%; vertical-align: middle; display: inline-block; line-height: 0; width: 22px; height: auto;\"><img decoding=\"async\" class=\"rich_pages wxw-img\" style=\"vertical-align: middle; max-width: 100%; width: 100%;\" src=\"https:\/\/chinesische-sprachschule-stuttgart.de\/media\/2025\/06\/wxsync-2025-06-80405406c278efa8a973ffa0f1f69cfd.webp\" data-ratio=\"0.738\" data-s=\"300,640\" data-type=\"png\" data-w=\"500\" data-imgfileid=\"502187435\" alt=\"\" title=\"\"><\/section>\n<\/section>\n<\/section>\n<\/section>\n<\/section>\n<section style=\"text-align: left; justify-content: flex-start; display: flex; flex-flow: row;\">\n<section style=\"display: inline-block; width: auto; vertical-align: top; align-self: flex-start; flex: 100 100 0%; padding: 7px 22px 14px; border-style: solid; border-width: 0px 1px 1px; height: auto; margin: 0px 13px;\">\n<section style=\"text-align: justify;\">\n<p style=\"margin: 0px; padding: 0px; text-indent: 2em;\">Um mehr jungen Auslandschinesen den Charme der chinesischen Sprache n\u00e4herzubringen, fand vom 19. bis 28. April 2025 das 10-t\u00e4gige Online-Camp \u201eLiterarisches Dali \u00b7 Lesen und Erbe\u201c (erste Ausgabe 2025) als Teil der Reihe \u201eFamilienbande in China \u2013 Wir erz\u00e4hlen euch Geschichten\u201c erfolgreich in der Cloud statt. Das Camp wurde vom Gesamtchinesischen Verband der heimgekehrten Auslandschinesen veranstaltet und vom Verband der Provinz Yunnan, des Bezirks Dali, der Stadt Dali sowie der Universit\u00e4t Dali mitorganisiert. Insgesamt nahmen 3829 junge Auslandschinesen aus 33 Organisationen f\u00fcr chinesische Bildung und 92 Klassengruppen aus 16 L\u00e4ndern wie den USA, Frankreich, Deutschland, Russland, Spanien, Italien, den Niederlanden und Kambodscha online teil.<\/p>\n<p style=\"margin: 8px 0px 0px; padding: 0px; text-indent: 2em;\"><span style=\"font-size: 16px;\">Zehn Tage lang begaben sich die jungen Auslandschinesen aus 16 L\u00e4ndern, mit der chinesischen Sprache als Boot und der Kultur als Kompass, auf eine Reise in der poetischen Stimmung des Mondscheins \u00fcber dem Erhai-See, tauchten in die Geschichte der gr\u00fcnen Cangshan-Berge ein und schufen gemeinsam eine Symphonie der Zivilisationen, die Berge und Meere \u00fcberwindet.<\/span><\/p>\n<\/section>\n<\/section>\n<\/section>\n<section style=\"text-align: right; margin: -22px 0px 10px; line-height: 0;\">\n<section style=\"max-width: 100%; vertical-align: middle; display: inline-block; line-height: 0; width: 44px; height: auto;\"><img decoding=\"async\" class=\"rich_pages wxw-img\" style=\"vertical-align: middle; max-width: 100%; width: 100%;\" src=\"https:\/\/chinesische-sprachschule-stuttgart.de\/media\/2025\/06\/wxsync-2025-06-1dc70bd43ef904312354d84252192273.webp\" data-ratio=\"0.786\" data-s=\"300,640\" data-type=\"png\" data-w=\"500\" data-imgfileid=\"502187437\" alt=\"\" title=\"\"><\/section>\n<\/section>\n<\/section>\n<section><\/section>\n<section style=\"text-indent: 0px; margin-bottom: 24px; text-align: center;\"><span style=\"font-size: 14px; font-style: italic;\">Er\u00f6ffnungszeremonie des Online-Camps in Dali, Yunnan<\/span><\/section>\n<section style=\"text-indent: 2em; margin-bottom: 24px; margin-top: 24px;\"><span style=\"font-size: 17px;\">Die Chinesische Schule Stuttgart organisierte die Teilnahme von Sch\u00fclern am Online-Camp \u201eFamilienbande in China \u2013 Wir erz\u00e4hlen euch Geschichten\u201c in Dali. Die Chinesische Schule Stuttgart hat eine langj\u00e4hrige Kooperation mit Dali in Yunnan. 2018 besuchte sie Dali im Rahmen des Sommercamps \u201eWurzelsuche-Reise in China\u201c in Yunnan<\/span><span data-pm-slice=\"1 1 [&quot;para&quot;,{&quot;tagName&quot;:&quot;section&quot;,&quot;attributes&quot;:{&quot;style&quot;:&quot;text-indent: 2em;margin-bottom: 24px;margin-top: 24px;&quot;},&quot;namespaceURI&quot;:&quot;http:\/\/www.w3.org\/1999\/xhtml&quot;}]\"><span style=\"font-size: 17px;\"> (Details hierzu finden Sie auf unserem offiziellen WeChat-Account<\/span>), 2021, 2023 und 2024 bereisten die Sch\u00fcler Dali virtuell in Online-Sommercamps<span style=\"font-size: 17px;\"> (Details hierzu finden Sie auf unserem offiziellen WeChat-Account<\/span><\/span><span style=\"font-size: 17px;\">),<\/span><span style=\"text-indent: 2em; letter-spacing: 0.034em;\"><span style=\"font-family: \u5fae\u8f6f\u96c5\u9ed1; font-size: 16px; font-style: normal; font-weight: 400; letter-spacing: normal; text-align: start; text-indent: 32px; text-transform: none; display: inline !important; float: none;\" data-pm-slice=\"2 3 [&quot;para&quot;,{&quot;tagName&quot;:&quot;section&quot;,&quot;attributes&quot;:{&quot;style&quot;:&quot;margin-bottom: 24px;text-align: justify;text-indent: 2em;margin-top: 24px;&quot;},&quot;namespaceURI&quot;:&quot;http:\/\/www.w3.org\/1999\/xhtml&quot;},&quot;para&quot;,{&quot;tagName&quot;:&quot;p&quot;,&quot;attributes&quot;:{&quot;style&quot;:&quot;margin-top: 8px;margin-bottom: 24px;text-indent: 2em;&quot;},&quot;namespaceURI&quot;:&quot;http:\/\/www.w3.org\/1999\/xhtml&quot;},&quot;node&quot;,{&quot;tagName&quot;:&quot;span&quot;,&quot;attributes&quot;:{&quot;style&quot;:&quot;text-indent: 2em;letter-spacing: 0.034em;&quot;},&quot;namespaceURI&quot;:&quot;http:\/\/www.w3.org\/1999\/xhtml&quot;}]\"><span style=\"font-size: 17px;\"> im August 2023 und August 2024 organisierten die Chinesische Schule Stuttgart erneut Sch\u00fcler und Lehrer,<\/span><span style=\", arial, sans-serif;font-size: 17px; font-style: normal; font-weight: 400; letter-spacing: normal; text-align: justify; text-indent: 32px; text-transform: none; display: inline !important; float: none;\"> um ins sch\u00f6ne Dali in Yunnan zu reisen und am<\/span><span style=\"margin: 0px; padding: 0px; max-width: 100%; font-size: 17px; font-style: normal; font-weight: 400; text-align: justify; text-transform: none; , arial, sans-serif;letter-spacing: 0.544px; text-indent: 34px;\"> Sommercamp \u201eWurzelsuche-Reise in China\u201c teilzunehmen (Details hierzu finden Sie auf unserem offiziellen WeChat-Account). Die Sch\u00fcler entwickelten ein starkes Interesse an Dali, lernten es tiefgehend kennen und schlossen eine enge Freundschaft mit der Stadt.<\/span><\/span><\/span><\/section>\n<section style=\"text-indent: 0px;\"><\/section>\n<section style=\"text-indent: 0px; margin-bottom: 24px; margin-top: 0px; text-align: center;\"><span data-pm-slice=\"2 3 [&quot;para&quot;,{&quot;tagName&quot;:&quot;section&quot;,&quot;attributes&quot;:{&quot;style&quot;:&quot;margin-bottom: 24px;text-align: justify;text-indent: 2em;margin-top: 24px;&quot;},&quot;namespaceURI&quot;:&quot;http:\/\/www.w3.org\/1999\/xhtml&quot;},&quot;para&quot;,{&quot;tagName&quot;:&quot;p&quot;,&quot;attributes&quot;:{&quot;style&quot;:&quot;margin-top: 8px;margin-bottom: 24px;text-indent: 2em;&quot;},&quot;namespaceURI&quot;:&quot;http:\/\/www.w3.org\/1999\/xhtml&quot;},&quot;node&quot;,{&quot;tagName&quot;:&quot;span&quot;,&quot;attributes&quot;:{&quot;style&quot;:&quot;text-indent: 2em;letter-spacing: 0.034em;&quot;},&quot;namespaceURI&quot;:&quot;http:\/\/www.w3.org\/1999\/xhtml&quot;}]\"><span data-pm-slice=\"0 0 []\"><span data-pm-slice=\"0 0 []\"><span style=\"font-size: 14px; font-style: italic;\">Lucy, eine Teilnehmerin der Chinesischen Schule Stuttgart, h\u00e4lt als Vertreterin der Camp-Teilnehmer eine Rede bei der Er\u00f6ffnungszeremonie.<\/span><\/span><\/span><\/span><\/section>\n<section style=\"text-indent: 2em; margin-bottom: 24px; margin-top: 24px;\"><span data-pm-slice=\"2 3 [&quot;para&quot;,{&quot;tagName&quot;:&quot;section&quot;,&quot;attributes&quot;:{&quot;style&quot;:&quot;margin-bottom: 24px;text-align: justify;text-indent: 2em;margin-top: 24px;&quot;},&quot;namespaceURI&quot;:&quot;http:\/\/www.w3.org\/1999\/xhtml&quot;},&quot;para&quot;,{&quot;tagName&quot;:&quot;p&quot;,&quot;attributes&quot;:{&quot;style&quot;:&quot;margin-top: 8px;margin-bottom: 24px;text-indent: 2em;&quot;},&quot;namespaceURI&quot;:&quot;http:\/\/www.w3.org\/1999\/xhtml&quot;},&quot;node&quot;,{&quot;tagName&quot;:&quot;span&quot;,&quot;attributes&quot;:{&quot;style&quot;:&quot;text-indent: 2em;letter-spacing: 0.034em;&quot;},&quot;namespaceURI&quot;:&quot;http:\/\/www.w3.org\/1999\/xhtml&quot;}]\"><span data-pm-slice=\"0 0 []\"><span style=\"font-size: 17px;\">Das diesj\u00e4hrige Online-Camp stand unter dem Motto \u201eLiterarisches Dali \u00b7 Lesen und Erbe\u201c. Die Teilnehmer lernten durch Online-Kurse und interaktive Aufgaben traditionelle chinesische Geschichten wie \u201eDie 24 Jahreszeiten: die Fr\u00fchlingstagundnachtgleiche\u201c, \u201eSprichwortgeschichte: Hundert Blumen bl\u00fchen\u201c, den \u201eHandgesten-Tanz: Der kleine Angler\u201c und \u201eDie Reise nach Westen: Der K\u00fcrbis, der den Himmel aufsaugen kann\u201c. Durch Online-Kurse zu lokalen Besonderheiten wie dem Scherenschnitt, der Herstellung von Xizhou-Baba und der Holzschnitzerei aus Jianchuan lernten sie das immaterielle Kulturerbe von Dali kennen. In Beitr\u00e4gen wie \u201eDie zw\u00f6lf Stunden von Dali\u201c und dem Lied \u201eEin kleiner Fluss flie\u00dft\u201c erlebten sie die wundersch\u00f6ne Landschaft der Cangshan-Berge und des Erhai-Sees sowie die ethnischen Br\u00e4uche.<\/span><\/span><\/span><\/section>\n<section style=\"font-style: normal; font-weight: 400; text-align: justify; font-size: 16px;\" data-pm-slice=\"0 0 []\">\n<section style=\"text-align: center; margin: 25px 0px 10px; line-height: 0;\">\n<section style=\"max-width: 100%; vertical-align: middle; display: inline-block; line-height: 0;\"><img decoding=\"async\" class=\"rich_pages wxw-img\" style=\"vertical-align: middle; max-width: 100%; width: 100%;\" src=\"https:\/\/chinesische-sprachschule-stuttgart.de\/media\/2025\/06\/wxsync-2025-06-515e5fb6435ffdcc5db3e0ce7596a948.webp\" data-ratio=\"1.0898148\" data-s=\"300,640\" data-type=\"jpeg\" data-w=\"1080\" data-imgfileid=\"502187452\" alt=\"\" title=\"\"><\/section>\n<\/section>\n<section style=\"text-align: center; font-size: 14px;\">\n<p style=\"margin: 0px; padding: 0px;\"><em>Programm des ersten Online-Camps in Dali, Yunnan 2025<\/em><\/p>\n<\/section>\n<\/section>\n<section style=\"text-indent: 2em; margin-top: 24px; margin-bottom: 24px;\"><span data-pm-slice=\"0 0 []\"><span data-pm-slice=\"0 0 []\"><span data-pm-slice=\"1 1 [&quot;para&quot;,{&quot;tagName&quot;:&quot;section&quot;,&quot;attributes&quot;:{&quot;style&quot;:&quot;text-indent: 2em; margin-bottom: 24px; margin-top: 24px;&quot;},&quot;namespaceURI&quot;:&quot;http:\/\/www.w3.org\/1999\/xhtml&quot;},&quot;node&quot;,{&quot;tagName&quot;:&quot;span&quot;,&quot;attributes&quot;:{&quot;style&quot;:null,&quot;data-pm-slice&quot;:&quot;0 0 []&quot;},&quot;namespaceURI&quot;:&quot;http:\/\/www.w3.org\/1999\/xhtml&quot;},&quot;node&quot;,{&quot;tagName&quot;:&quot;span&quot;,&quot;attributes&quot;:{&quot;style&quot;:&quot;text-indent: 2em;&quot;,&quot;data-pm-slice&quot;:&quot;0 0 []&quot;},&quot;namespaceURI&quot;:&quot;http:\/\/www.w3.org\/1999\/xhtml&quot;}]\"><span style=\"font-size: 17px;\">Im Online-Camp \u201eFamilienbande in China \u2013 Wir erz\u00e4hlen euch Geschichten\u201c erlebten die jungen Auslandschinesen eine einzigartige Lernreise in der Cloud.<\/span><\/span><span style=\"text-indent: 2em;\" data-pm-slice=\"0 0 []\"><span style=\"font-size: 17px;\"> Kurse \u00fcber alte Gedichte, Sprichw\u00f6rter, Fabeln, traditionelle Geschichten und Scherzr\u00e4tsel halfen den Teilnehmern, Chinesisch besser zu lernen, China zu verstehen und die chinesische Kultur zu sp\u00fcren.<\/span><\/span><span data-pm-slice=\"1 1 [&quot;para&quot;,{&quot;tagName&quot;:&quot;section&quot;,&quot;attributes&quot;:{&quot;style&quot;:&quot;text-indent: 2em; margin-bottom: 24px; margin-top: 24px;&quot;},&quot;namespaceURI&quot;:&quot;http:\/\/www.w3.org\/1999\/xhtml&quot;},&quot;node&quot;,{&quot;tagName&quot;:&quot;span&quot;,&quot;attributes&quot;:{&quot;style&quot;:null,&quot;data-pm-slice&quot;:&quot;0 0 []&quot;},&quot;namespaceURI&quot;:&quot;http:\/\/www.w3.org\/1999\/xhtml&quot;},&quot;node&quot;,{&quot;tagName&quot;:&quot;span&quot;,&quot;attributes&quot;:{&quot;style&quot;:&quot;text-indent: 2em;&quot;,&quot;data-pm-slice&quot;:&quot;0 0 []&quot;},&quot;namespaceURI&quot;:&quot;http:\/\/www.w3.org\/1999\/xhtml&quot;}]\"><span style=\"font-size: 17px;\"> Dali hat eine lange Geschichte, eine reiche Kultur und eine atemberaubende Naturlandschaft, beschrieben als \u201eDie Cangshan-Berge, ein ewiges Gem\u00e4lde ohne Tinte, der Erhai-See, eine zeitlose Zither ohne Saiten\u201c. Das Online-Camp war inhaltlich reichhaltig und die Lehrmethoden flexibel. Besonders erw\u00e4hnenswert sind die vielen einzigartigen Kursinhalte: das Erlernen des immateriellen Kulturerbes des Scherenschnitts aus Dali, die Landschaft des Kirschbl\u00fctentals im Wuliang-Gebirge in Nanjian, die Herstellung von Xizhou-Baba, die Bauernmalerei der Bai-Nationalit\u00e4t in Shuanglang und die Holzschnitzerei aus Jianchuan.<\/span><\/span><span data-pm-slice=\"0 0 []\"><span style=\"font-size: 17px;\"> Dali, ein Ort, der die Menschen fasziniert, besitzt nicht nur eine pr\u00e4chtige Natur, sondern auch ein tiefes kulturelles Erbe. Die Cangshan-Berge und der Erhai-See, der Charme der Altstadt, die Kultur der Bai-Nationalit\u00e4t&#8230; jeder Ort l\u00e4dt zum Verweilen ein.<\/span><\/span><\/span><\/span><\/section>\n<section style=\"font-style: normal; font-weight: 400; text-align: justify; font-size: 16px;\" data-pm-slice=\"0 0 []\">\n<section style=\"text-align: center; margin-top: 10px; margin-bottom: 10px; line-height: 0;\">\n<section style=\"max-width: 100%; vertical-align: middle; display: inline-block; line-height: 0;\"><img decoding=\"async\" class=\"rich_pages wxw-img\" style=\"vertical-align: middle; max-width: 100%; width: 100%;\" src=\"https:\/\/chinesische-sprachschule-stuttgart.de\/media\/2025\/06\/wxsync-2025-06-47ec6ee4c87cf3bba2d8728ae3953b01.webp\" data-ratio=\"0.8759259259259259\" data-s=\"300,640\" data-type=\"jpeg\" data-w=\"1080\" data-imgfileid=\"502187455\" alt=\"\" title=\"\"><\/section>\n<\/section>\n<section style=\"text-align: center; margin-top: 10px; margin-bottom: 10px; line-height: 0;\">\n<section style=\"max-width: 100%; vertical-align: middle; display: inline-block; line-height: 0; width: 90%; height: auto;\"><img decoding=\"async\" class=\"rich_pages wxw-img\" style=\"vertical-align: middle; max-width: 100%; width: 100%;\" src=\"https:\/\/chinesische-sprachschule-stuttgart.de\/media\/2025\/06\/wxsync-2025-06-da63d0f86dccbaa57ef3e24b89a33f1a.webp\" data-ratio=\"0.43148148148148147\" data-s=\"300,640\" data-type=\"jpeg\" data-w=\"1080\" data-imgfileid=\"502187454\" alt=\"\" title=\"\"><\/section>\n<\/section>\n<section style=\"text-align: center; margin-top: 10px; margin-bottom: 10px; line-height: 0;\">\n<section style=\"max-width: 100%; vertical-align: middle; display: inline-block; line-height: 0; width: 90%; height: auto;\"><img decoding=\"async\" class=\"rich_pages wxw-img\" style=\"vertical-align: middle; max-width: 100%; width: 100%;\" src=\"https:\/\/chinesische-sprachschule-stuttgart.de\/media\/2025\/06\/wxsync-2025-06-353f32f2c15f4b2651b3c7bb6c5f7caa.webp\" data-ratio=\"0.46111111111111114\" data-s=\"300,640\" data-type=\"jpeg\" data-w=\"1080\" data-imgfileid=\"502187456\" alt=\"\" title=\"\"><\/section>\n<\/section>\n<section style=\"text-align: center; margin-top: 10px; margin-bottom: 10px; line-height: 0;\">\n<section style=\"max-width: 100%; vertical-align: middle; display: inline-block; line-height: 0; width: 90%; height: auto;\"><img decoding=\"async\" class=\"rich_pages wxw-img\" style=\"vertical-align: middle; max-width: 100%; width: 100%;\" src=\"https:\/\/chinesische-sprachschule-stuttgart.de\/media\/2025\/06\/wxsync-2025-06-ad4ed2155944a23d97a52a28994b4eff.webp\" data-ratio=\"0.6435185185185185\" data-s=\"300,640\" data-type=\"jpeg\" data-w=\"1080\" data-imgfileid=\"502187453\" alt=\"\" title=\"\"><\/section>\n<\/section>\n<section style=\"text-align: center; margin-top: 10px; margin-bottom: 10px; line-height: 0;\">\n<section style=\"max-width: 100%; vertical-align: middle; display: inline-block; line-height: 0; width: 80%; height: auto;\"><img decoding=\"async\" class=\"rich_pages wxw-img\" style=\"vertical-align: middle; max-width: 100%; width: 100%;\" src=\"https:\/\/chinesische-sprachschule-stuttgart.de\/media\/2025\/06\/wxsync-2025-06-b693c7cba5261fa1df0258d417468304.webp\" data-ratio=\"0.8055555555555556\" data-s=\"300,640\" data-type=\"jpeg\" data-w=\"1080\" data-imgfileid=\"502187457\" alt=\"\" title=\"\"><\/section>\n<\/section>\n<section style=\"text-align: center; font-size: 14px;\">\n<p style=\"margin: 0px; padding: 0px;\"><em>Einige Kursmaterialien und Bilder aus dem Online-Camp in Dali, Yunnan<\/em><\/p>\n<\/section>\n<\/section>\n<section style=\"text-indent: 2em; margin-top: 24px; margin-bottom: 24px;\"><span data-pm-slice=\"0 0 []\"><span data-pm-slice=\"0 0 []\"><span style=\"font-size: 17px;\">Online lasen die Teilnehmer klassische chinesische Geschichten, genossen den Witz von Sprichw\u00f6rtern und den Reim alter Gedichte, betrachteten die pr\u00e4chtige Landschaft und lernten das immaterielle Kulturerbe von Dali kennen, um in ein Meer vielf\u00e4ltigen kulturellen Wissens einzutauchen. Offline praktizierten die Teilnehmer aktiv die kulturelle Weitergabe und erlebten den Charme der Traditionen hautnah. Sie rezitierten klassische Gedichte, machten Xizhou-Baba und teilten ihre Eindr\u00fccke von den traditionellen Geschichten, um mit praktischen Taten das kulturelle Erbe fortzuschreiben.<\/span><\/span><\/span><\/section>\n<section style=\"font-style: normal; font-weight: 400; text-align: justify; font-size: 16px;\">\n<section style=\"text-align: center; margin-top: 10px; margin-bottom: 10px; line-height: 0;\"><\/section>\n<section style=\"text-align: center; font-size: 14px;\">\n<section style=\"font-style: normal; font-weight: 400; text-align: justify; font-size: 16px;\" data-pm-slice=\"0 0 []\">\n<section style=\"text-align: center; margin-top: 10px; margin-bottom: 10px; line-height: 0;\">\n<section style=\"max-width: 100%; vertical-align: middle; display: inline-block; line-height: 0; width: 80%; height: auto;\"><img decoding=\"async\" class=\"rich_pages wxw-img\" style=\"vertical-align: middle; max-width: 100%; width: 100%;\" src=\"https:\/\/chinesische-sprachschule-stuttgart.de\/media\/2025\/06\/wxsync-2025-06-f3652afd1e437d920fbd10005dfe1466.webp\" data-ratio=\"0.9120370370370371\" data-s=\"300,640\" data-type=\"jpeg\" data-w=\"1080\" data-imgfileid=\"502187459\" alt=\"\" title=\"\"><\/section>\n<\/section>\n<section style=\"text-align: center; margin-top: 10px; margin-bottom: 10px; line-height: 0;\">\n<section style=\"max-width: 100%; vertical-align: middle; display: inline-block; line-height: 0; width: 80%; height: auto;\"><img decoding=\"async\" class=\"rich_pages wxw-img\" style=\"vertical-align: middle; max-width: 100%; width: 100%;\" src=\"https:\/\/chinesische-sprachschule-stuttgart.de\/media\/2025\/06\/wxsync-2025-06-6c1f43c18cd9368c2c8777fa0548bbda.webp\" data-ratio=\"1.3324074074074075\" data-s=\"300,640\" data-type=\"jpeg\" data-w=\"1080\" data-imgfileid=\"502187460\" alt=\"\" title=\"\"><\/section>\n<\/section>\n<section style=\"text-align: center; margin-top: 10px; margin-bottom: 10px; line-height: 0;\">\n<section style=\"max-width: 100%; vertical-align: middle; display: inline-block; line-height: 0; width: 80%; height: auto;\"><img decoding=\"async\" class=\"rich_pages wxw-img\" style=\"vertical-align: middle; max-width: 100%; width: 100%;\" src=\"https:\/\/chinesische-sprachschule-stuttgart.de\/media\/2025\/06\/wxsync-2025-06-892f0f7d9cec988c23cb884d44a6ee15.webp\" data-ratio=\"1.1879629629629629\" data-s=\"300,640\" data-type=\"jpeg\" data-w=\"1080\" data-imgfileid=\"502187458\" alt=\"\" title=\"\"><\/section>\n<\/section>\n<section style=\"text-align: center; font-size: 14px;\">\n<p style=\"margin: 0px; padding: 0px;\"><em>Teilnehmer aus Stuttgart erledigen sorgf\u00e4ltig ihre Aufgaben im Online-Camp Dali, Yunnan<\/em><\/p>\n<\/section>\n<\/section>\n<section style=\"font-style: normal; font-weight: 400; text-align: justify; font-size: 16px;\" data-pm-slice=\"0 0 []\">\n<section style=\"text-align: center; margin-top: 10px; margin-bottom: 10px; line-height: 0;\">\n<section style=\"vertical-align: middle; display: inline-block; line-height: 0; width: 70%; height: auto; margin-top: 24px;\"><img decoding=\"async\" class=\"rich_pages wxw-img\" style=\"vertical-align: middle; max-width: 100%; width: 100%;\" src=\"https:\/\/chinesische-sprachschule-stuttgart.de\/media\/2025\/06\/wxsync-2025-06-ddf5df8734556a9396bb839489f1853e.webp\" data-ratio=\"0.9546296296296296\" data-s=\"300,640\" data-type=\"jpeg\" data-w=\"1080\" data-imgfileid=\"502187482\" alt=\"\" title=\"\"><\/section>\n<\/section>\n<section style=\"text-align: center; margin-top: 10px; margin-bottom: 10px; line-height: 0;\">\n<section style=\"vertical-align: middle; display: inline-block; line-height: 0; width: 70%; height: auto;\"><img decoding=\"async\" class=\"rich_pages wxw-img\" style=\"vertical-align: middle; max-width: 100%; width: 100%;\" src=\"https:\/\/chinesische-sprachschule-stuttgart.de\/media\/2025\/06\/wxsync-2025-06-f620e5e4bb8fbe67ae68cfc528d10c84.webp\" data-ratio=\"0.9231481481481482\" data-s=\"300,640\" data-type=\"jpeg\" data-w=\"1080\" data-imgfileid=\"502187480\" alt=\"\" title=\"\"><\/section>\n<\/section>\n<section style=\"text-align: center; margin-top: 10px; margin-bottom: 10px; line-height: 0;\">\n<section style=\"vertical-align: middle; display: inline-block; line-height: 0; width: 70%; height: auto;\"><img decoding=\"async\" class=\"rich_pages wxw-img\" style=\"vertical-align: middle; max-width: 100%; width: 100%;\" src=\"https:\/\/chinesische-sprachschule-stuttgart.de\/media\/2025\/06\/wxsync-2025-06-a3edd0efb063067adfe8a426088ee730.webp\" data-ratio=\"1.3342592592592593\" data-s=\"300,640\" data-type=\"jpeg\" data-w=\"1080\" data-imgfileid=\"502187483\" alt=\"\" title=\"\"><\/section>\n<\/section>\n<section style=\"text-align: center; margin-top: 10px; margin-bottom: 10px; line-height: 0;\">\n<section style=\"max-width: 100%; vertical-align: middle; display: inline-block; line-height: 0; width: 70%; height: auto;\"><img decoding=\"async\" class=\"rich_pages wxw-img\" style=\"vertical-align: middle; max-width: 100%; width: 100%;\" src=\"https:\/\/chinesische-sprachschule-stuttgart.de\/media\/2025\/06\/wxsync-2025-06-4277bb36b91b16d75a17419c3a1f4af6.webp\" data-ratio=\"1.0583333333333333\" data-s=\"300,640\" data-type=\"jpeg\" data-w=\"1080\" data-imgfileid=\"502187479\" alt=\"\" title=\"\"><\/section>\n<\/section>\n<section style=\"text-align: center; margin-top: 10px; margin-bottom: 10px; line-height: 0;\">\n<section style=\"max-width: 100%; vertical-align: middle; display: inline-block; line-height: 0; width: 80%; height: auto;\"><img decoding=\"async\" class=\"rich_pages wxw-img\" style=\"vertical-align: middle; max-width: 100%; width: 100%;\" src=\"https:\/\/chinesische-sprachschule-stuttgart.de\/media\/2025\/06\/wxsync-2025-06-0f14e63876564a18d32e535cbf44c1a8.webp\" data-ratio=\"0.75\" data-s=\"300,640\" data-type=\"jpeg\" data-w=\"1080\" data-imgfileid=\"502187481\" alt=\"\" title=\"\"><\/section>\n<\/section>\n<section style=\"text-align: center; margin-top: 10px; margin-bottom: 10px; line-height: 0;\">\n<section style=\"max-width: 100%; vertical-align: middle; display: inline-block; line-height: 0; width: 70%; height: auto;\"><img decoding=\"async\" class=\"rich_pages wxw-img\" style=\"vertical-align: middle; max-width: 100%; width: 100%;\" src=\"https:\/\/chinesische-sprachschule-stuttgart.de\/media\/2025\/06\/wxsync-2025-06-7b6d3e701d8ae1cabc31fd81dd9d6eec.webp\" data-ratio=\"1.3324074074074075\" data-s=\"300,640\" data-type=\"jpeg\" data-w=\"1080\" data-imgfileid=\"502187484\" alt=\"\" title=\"\"><\/section>\n<\/section>\n<section style=\"text-align: center; margin-top: 10px; margin-bottom: 10px; line-height: 0;\">\n<section style=\"vertical-align: middle; display: inline-block; line-height: 0; width: 70%; height: auto;\"><img decoding=\"async\" class=\"rich_pages wxw-img\" style=\"vertical-align: middle; max-width: 100%; width: 100%;\" src=\"https:\/\/chinesische-sprachschule-stuttgart.de\/media\/2025\/06\/wxsync-2025-06-36251fec5001b2ac71a405ffeae2d73c.webp\" data-ratio=\"1.2287037\" data-s=\"300,640\" data-type=\"jpeg\" data-w=\"1080\" data-imgfileid=\"502187485\" alt=\"\" title=\"\"><\/section>\n<\/section>\n<section style=\"text-align: center; font-size: 14px;\">\n<p style=\"margin: 0px; padding: 0px;\"><em>Einige Aufgaben der<em><span data-pm-slice=\"1 1 [&quot;para&quot;,{&quot;tagName&quot;:&quot;section&quot;,&quot;attributes&quot;:{&quot;style&quot;:&quot;box-sizing: border-box;font-style: normal;font-weight: 400;text-align: justify;font-size: 16px;color: rgb(62, 62, 62);&quot;},&quot;namespaceURI&quot;:&quot;http:\/\/www.w3.org\/1999\/xhtml&quot;},&quot;para&quot;,{&quot;tagName&quot;:&quot;section&quot;,&quot;attributes&quot;:{&quot;style&quot;:&quot;text-align: center;font-size: 14px;box-sizing: border-box;&quot;},&quot;namespaceURI&quot;:&quot;http:\/\/www.w3.org\/1999\/xhtml&quot;},&quot;para&quot;,{&quot;tagName&quot;:&quot;section&quot;,&quot;attributes&quot;:{&quot;style&quot;:&quot;box-sizing: border-box;font-style: normal;font-weight: 400;text-align: justify;font-size: 16px;color: rgb(62, 62, 62);&quot;,&quot;data-pm-slice&quot;:&quot;0 0 []&quot;},&quot;namespaceURI&quot;:&quot;http:\/\/www.w3.org\/1999\/xhtml&quot;},&quot;para&quot;,{&quot;tagName&quot;:&quot;section&quot;,&quot;attributes&quot;:{&quot;style&quot;:&quot;text-align: center;font-size: 14px;box-sizing: border-box;&quot;},&quot;namespaceURI&quot;:&quot;http:\/\/www.w3.org\/1999\/xhtml&quot;},&quot;para&quot;,{&quot;tagName&quot;:&quot;p&quot;,&quot;attributes&quot;:{&quot;style&quot;:&quot;margin: 0px;padding: 0px;box-sizing: border-box;&quot;},&quot;namespaceURI&quot;:&quot;http:\/\/www.w3.org\/1999\/xhtml&quot;},&quot;node&quot;,{&quot;tagName&quot;:&quot;em&quot;,&quot;attributes&quot;:{&quot;style&quot;:&quot;box-sizing: border-box;&quot;},&quot;namespaceURI&quot;:&quot;http:\/\/www.w3.org\/1999\/xhtml&quot;}]\"> Stuttgarter Teilnehmer des <\/span><\/em>Online-Camps Dali, Yunnan<\/em><\/p>\n<\/section>\n<\/section>\n<\/section>\n<\/section>\n<section style=\"text-indent: 2em; margin-bottom: 24px; margin-top: 24px;\">Die Sch\u00fcler erstellten auch eigene Videos, um ihre Lernerfolge sowie ihre literarischen und k\u00fcnstlerischen F\u00e4higkeiten zu pr\u00e4sentieren.<\/section>\n<section><\/section>\n<section><\/section>\n<section><\/section>\n<section><\/section>\n<section style=\"margin-bottom: 0px; text-align: justify; text-indent: 2em;\"><span style=\"font-size: 17px;\">Bei der Abschlusszeremonie des ersten<\/span> \u201eFamilienbande in China \u2013 Wir erz\u00e4hlen euch Geschichten\u201c Online-Camps 2025 in Dali, Yunnan, <span style=\"font-size: 17px;\">wurden mehrere Sch\u00fcler der Chinesischen Schule Stuttgart<\/span><span style=\"letter-spacing: 0.578px; font-size: var(--articleFontsize);\"><span style=\"font-size: 17px;\"> mit<\/span><\/span><span style=\"letter-spacing: 0.578px; font-size: var(--articleFontsize);\"><span style=\"font-size: 17px;\"> dem<\/span><\/span><span style=\"font-size: 17px;\"> Preis f\u00fcr \u201eHervorragende Teilnehmer\u201c ausgezeichnet. Wir gratulieren ihnen herzlich! <img decoding=\"async\" class=\"rich_pages wxw-img\" style=\"display: inline-block; width: 20px; vertical-align: middle; background-size: cover;\" src=\"https:\/\/chinesische-sprachschule-stuttgart.de\/media\/2025\/06\/wxsync-2025-06-7947c6a54e9beeb65175a7141c8dba23.webp\" data-ratio=\"1\" data-w=\"20\" alt=\"\" title=\"\"><\/span><\/section>\n<section style=\"margin-bottom: 0px; text-align: justify; text-indent: 0px; margin-top: 0px;\">\n<section style=\"text-align: center; font-size: 14px;\">\n<p style=\"margin-right: 0px; margin-left: 0px; padding: 0px; line-height: 3em;\">\n<section style=\"font-style: normal; font-weight: 400; text-align: justify; font-size: 16px;\" data-pm-slice=\"0 0 []\">\n<section style=\"text-align: left; justify-content: flex-start; display: flex; flex-flow: row; margin-right: 0px; margin-left: 0px;\">\n<section style=\"display: inline-block; vertical-align: top; width: 50%; align-self: flex-start; flex: 0 0 auto; padding: 0px;\">\n<section style=\"margin-right: 0px; margin-left: 0px;\">\n<section style=\"max-width: 100%; vertical-align: middle; display: inline-block; border-style: solid; border-width: 0px; width: 97%; height: auto;\"><img decoding=\"async\" class=\"rich_pages wxw-img\" style=\"vertical-align: middle; max-width: 100%; width: 100%;\" src=\"https:\/\/chinesische-sprachschule-stuttgart.de\/media\/2025\/06\/wxsync-2025-06-6b2523bf708047166e6bb8464ad33b1d.webp\" data-ratio=\"0.7074074\" data-s=\"300,640\" data-type=\"jpeg\" data-w=\"1080\" data-imgfileid=\"502187445\" alt=\"\" title=\"\"><\/section>\n<\/section>\n<\/section>\n<section style=\"display: inline-block; vertical-align: top; width: 50%; align-self: flex-start; flex: 0 0 auto;\">\n<section style=\"text-align: right; margin-right: 0px; margin-left: 0px;\">\n<section style=\"max-width: 100%; vertical-align: middle; display: inline-block; border-style: solid; border-width: 0px; width: 97%; height: auto;\"><img decoding=\"async\" class=\"rich_pages wxw-img\" style=\"vertical-align: middle; max-width: 100%; width: 100%;\" src=\"https:\/\/chinesische-sprachschule-stuttgart.de\/media\/2025\/06\/wxsync-2025-06-b98100e7611ce6b0fa1612e6b9f114d0.webp\" data-ratio=\"0.7074074\" data-s=\"300,640\" data-type=\"jpeg\" data-w=\"1080\" data-imgfileid=\"502187444\" alt=\"\" title=\"\"><\/section>\n<\/section>\n<\/section>\n<\/section>\n<section style=\"text-align: left; justify-content: flex-start; display: flex; flex-flow: row; margin-right: 0px; margin-left: 0px;\">\n<section style=\"display: inline-block; vertical-align: top; width: 50%; align-self: flex-start; flex: 0 0 auto; padding: 0px;\">\n<section style=\"margin-right: 0px; margin-left: 0px;\">\n<section style=\"max-width: 100%; vertical-align: middle; display: inline-block; border-style: solid; border-width: 0px; width: 97%; height: auto;\"><img decoding=\"async\" class=\"rich_pages wxw-img\" style=\"vertical-align: middle; max-width: 100%; width: 100%;\" src=\"https:\/\/chinesische-sprachschule-stuttgart.de\/media\/2025\/06\/wxsync-2025-06-7b00b13df3e3b7120c29db3ef1fe939a.webp\" data-ratio=\"0.7074074\" data-s=\"300,640\" data-type=\"jpeg\" data-w=\"1080\" data-imgfileid=\"502187442\" alt=\"\" title=\"\"><\/section>\n<\/section>\n<\/section>\n<section style=\"display: inline-block; vertical-align: top; width: 50%; align-self: flex-start; flex: 0 0 auto;\">\n<section style=\"text-align: right; margin-right: 0px; margin-left: 0px;\">\n<section style=\"max-width: 100%; vertical-align: middle; display: inline-block; border-style: solid; border-width: 0px; width: 97%; height: auto;\"><img decoding=\"async\" class=\"rich_pages wxw-img\" style=\"vertical-align: middle; max-width: 100%; width: 100%;\" src=\"https:\/\/chinesische-sprachschule-stuttgart.de\/media\/2025\/06\/wxsync-2025-06-82c38d77a3acb44dc931d5f4c2da3a5c.webp\" data-ratio=\"0.7074074\" data-s=\"300,640\" data-type=\"jpeg\" data-w=\"1080\" data-imgfileid=\"502187443\" alt=\"\" title=\"\"><\/section>\n<\/section>\n<\/section>\n<\/section>\n<section style=\"text-align: left; justify-content: flex-start; display: flex; flex-flow: row; margin-right: 0px; margin-left: 0px;\">\n<section style=\"display: inline-block; vertical-align: top; width: 50%; align-self: flex-start; flex: 0 0 auto; padding: 0px;\">\n<section style=\"margin-right: 0px; margin-left: 0px;\">\n<section style=\"max-width: 100%; vertical-align: middle; display: inline-block; border-style: solid; border-width: 0px; width: 97%; height: auto;\"><img decoding=\"async\" class=\"rich_pages wxw-img\" style=\"vertical-align: middle; max-width: 100%; width: 100%;\" src=\"https:\/\/chinesische-sprachschule-stuttgart.de\/media\/2025\/06\/wxsync-2025-06-819b5d58a452cc065f11e19ea4cc10c5.webp\" data-ratio=\"0.7074074\" data-s=\"300,640\" data-type=\"jpeg\" data-w=\"1080\" data-imgfileid=\"502187446\" alt=\"\" title=\"\"><\/section>\n<\/section>\n<\/section>\n<section style=\"display: inline-block; vertical-align: top; width: 50%; align-self: flex-start; flex: 0 0 auto;\">\n<section style=\"text-align: right; margin-right: 0px; margin-left: 0px;\">\n<section style=\"max-width: 100%; vertical-align: middle; display: inline-block; border-style: solid; border-width: 0px; width: 97%; height: auto;\"><img decoding=\"async\" class=\"rich_pages wxw-img\" style=\"vertical-align: middle; max-width: 100%; width: 100%;\" src=\"https:\/\/chinesische-sprachschule-stuttgart.de\/media\/2025\/06\/wxsync-2025-06-03353b90a0dda1b8ea9bf7b863f82c13.webp\" data-ratio=\"0.7074074\" data-s=\"300,640\" data-type=\"jpeg\" data-w=\"1080\" data-imgfileid=\"502187447\" alt=\"\" title=\"\"><\/section>\n<\/section>\n<\/section>\n<\/section>\n<\/section>\n<p><em>Sch\u00fcler der Chinesischen Schule Stuttgart erhalten Auszeichnungen f\u00fcr hervorragende Leistungen im Online-Camp Dali<\/em><\/p>\n<\/section>\n<\/section>\n<section style=\"margin-bottom: 24px; text-align: justify; text-indent: 2em; margin-top: 24px;\"><span style=\", arial, sans-serif;font-size: 17px; font-style: normal; font-weight: 400; letter-spacing: 0.578px; text-align: justify; text-indent: 34px; text-transform: none; display: inline !important; float: none;\" data-pm-slice=\"0 0 []\">Am 10. Mai 2025, nach der R\u00fcckkehr der Sch\u00fcler aus den Osterferien, \u00fcberreichten die Schulleitung und die Projektverantwortlichen in der Pause einigen der<span data-pm-slice=\"1 1 [&quot;para&quot;,{&quot;tagName&quot;:&quot;section&quot;,&quot;attributes&quot;:{&quot;style&quot;:&quot;margin-bottom: 0px; text-align: justify; text-indent: 0px;&quot;},&quot;namespaceURI&quot;:&quot;http:\/\/www.w3.org\/1999\/xhtml&quot;}]\"><span style=\"font-size: 17px;\"> ausgezeichneten Sch\u00fcler des ersten \u201eFamilienbande in China \u2013 Wir erz\u00e4hlen euch Geschichten\u201c Online-Camps 2025 in Dali, Yunnan, ihre Urkunden und machten ein gemeinsames Foto.<\/span><\/span><\/span><\/section>\n<section style=\"font-style: normal; font-weight: 400; text-align: justify; font-size: 16px;\" data-pm-slice=\"0 0 []\">\n<section style=\"text-align: center; margin-top: 10px; margin-bottom: 10px; line-height: 0;\">\n<section style=\"max-width: 100%; vertical-align: middle; display: inline-block; line-height: 0; width: 80%; height: auto;\"><img decoding=\"async\" class=\"rich_pages wxw-img\" style=\"vertical-align: middle; max-width: 100%; width: 100%;\" src=\"https:\/\/chinesische-sprachschule-stuttgart.de\/media\/2025\/06\/wxsync-2025-06-175c172f3f4f81713aff8771d0e3bff6.webp\" data-ratio=\"0.815338\" data-s=\"300,640\" data-type=\"jpeg\" data-w=\"991\" data-imgfileid=\"502187449\" alt=\"\" title=\"\"><\/section>\n<\/section>\n<section style=\"text-align: center; font-size: 14px;\">\n<p style=\"margin: 0px; padding: 0px;\"><em>Schulleiterin Chen Wei \u00fcberreicht die Urkunden an die ausgezeichneten Sch\u00fcler<\/em><\/p>\n<\/section>\n<section style=\"text-align: center; margin: 25px 0px 10px; line-height: 0;\">\n<section style=\"max-width: 100%; vertical-align: middle; display: inline-block; line-height: 0;\"><img decoding=\"async\" class=\"rich_pages wxw-img\" style=\"vertical-align: middle; max-width: 100%; width: 100%;\" src=\"https:\/\/chinesische-sprachschule-stuttgart.de\/media\/2025\/06\/wxsync-2025-06-2cc3e0807704fa07c4ec8d55802bdefc.webp\" data-ratio=\"0.6527778\" data-s=\"300,640\" data-type=\"jpeg\" data-w=\"1080\" data-imgfileid=\"502187448\" alt=\"\" title=\"\"><\/section>\n<\/section>\n<section style=\"text-align: center; font-size: 14px;\">\n<p style=\"margin: 0px 0px 24px; padding: 0px;\"><em>Schulleiterin Chen Wei und Projektleiterin Shen Si im Gruppenfoto mit den ausgezeichneten Sch\u00fclern<\/em><\/p>\n<p style=\"margin: 0px 0px 8px; padding: 0px; text-align: justify; text-indent: 2em;\"><em><span style=\"letter-spacing: 0.578px; font-size: var(--articleFontsize);\"><span style=\"font-size: 17px; font-style: normal;\">Ein Dank an Frau Shen Si f\u00fcr die Organisation der Teilnahme der Sch\u00fcler an diesem \u201eFamilienbande in China \u2013 Wir erz\u00e4hlen euch Geschichten\u201c Online-Camp in Dali, Yunnan!<\/span><\/span><span style=\"font-style: normal; font-weight: 400; text-align: justify; letter-spacing: 0.578px; font-size: var(--articleFontsize); text-indent: 34px;\"><span style=\"font-size: 17px;\"> Ein Dank an die teilnehmenden Sch\u00fcler sowie die Unterst\u00fctzung der Eltern! Wir hoffen, in Zukunft die Gelegenheit zu haben, eine Wurzelsuche-Reise nach Dali in Yunnan anzutreten, um die Faszination der chinesischen Kultur und die Sch\u00f6nheit des S\u00fcdwestens Chinas pers\u00f6nlich zu erleben.<\/span><\/span><\/em><\/p>\n<\/section>\n<\/section>\n<section style=\"letter-spacing: 0.578px; text-indent: 2em; margin-bottom: 8px; margin-top: 0px;\"><span style=\"font-size: var(--articleFontsize); letter-spacing: 0.578px; text-indent: 34px;\" data-olk-copy-source=\"MessageBody\"><span style=\"letter-spacing: 0.578px;\"><span style=\"font-size: var(--articleFontsize); letter-spacing: 0.578px; text-indent: 34px;\" data-olk-copy-source=\"MessageBody\">Herzlichen Dank an die<\/span><span style=\"font-size: 17px;\"> Universit\u00e4t Dali und den Verband der heimgekehrten Auslandschinesen der Stadt Dali<\/span> f\u00fcr die Organisation des ersten \u201eFamilienbande in China \u2013 Wir erz\u00e4hlen euch Geschichten\u201c Online-Camps 2025 in Dali!<\/span><\/span><\/section>\n<section style=\"letter-spacing: 0.578px; text-indent: 2em; margin-bottom: 8px; margin-top: 0px;\"><\/section>\n<section style=\"letter-spacing: 0.578px; text-indent: 2em; margin-bottom: 8px; margin-top: 0px;\"><span style=\"font-size: 15px;\">Teile dieses Artikels sind Ausz\u00fcge aus Berichten der F\u00f6deration der zur\u00fcckgekehrten Auslandschinesen des Bezirks Dali:<\/span><\/section>\n<section style=\"letter-spacing: 0.578px; text-indent: 2em; margin-bottom: 8px; margin-top: 0px; text-align: left;\"><span data-pm-slice=\"0 0 []\"><span style=\"font-size: var(--articleFontsize); letter-spacing: 0.578px; text-indent: 34px;\"><span style=\"font-size: 15px;\">\u3010Literarisches Dali \u00b7 Lesen und Erbe\u3011 Er\u00f6ffnung des ersten \u201eFamilienbande in China \u2013 Wir erz\u00e4hlen euch Geschichten\u201c Online-Camps 2025 in Dali, Yunnan (<\/span><\/span><span data-olk-copy-source=\"MessageBody\" data-pm-slice=\"0 0 []\"><span style=\"font-size: 15px;\">https:\/\/www.jianpian.cn\/a\/1dch96dy?sd=3&amp;a_uid=32157184&amp;s_uid=46614910&amp;package_type=&amp;sc=groupmessage<\/span><\/span><span style=\"font-size: var(--articleFontsize); letter-spacing: 0.578px; text-indent: 34px;\"><span style=\"font-size: 15px;\">)<\/span><\/span><\/span><\/section>\n<section style=\"letter-spacing: 0.578px; text-indent: 2em; margin-bottom: 8px; margin-top: 0px; text-align: left;\"><span data-pm-slice=\"0 0 []\"><span style=\"font-size: var(--articleFontsize); letter-spacing: 0.578px; text-indent: 34px;\"><span style=\"font-size: 15px;\">\u3010Literarisches Dali \u00b7 Lesen und Erbe\u3011 Erfolgreicher Abschluss des ersten \u201eFamilienbande in China \u2013 Wir erz\u00e4hlen euch Geschichten\u201c Online-Camps 2025 in Dali, Yunnan (<\/span><\/span><span data-olk-copy-source=\"MessageBody\" data-pm-slice=\"0 0 []\"><span style=\"font-size: 15px;\">https:\/\/www.jianpian.cn\/a\/1dk9du00?sd=4&amp;a_uid=32157184&amp;s_uid=&amp;package_type=&amp;sc=groupmessage<\/span><\/span><span style=\"font-size: var(--articleFontsize); letter-spacing: 0.578px; text-indent: 34px;\"><span style=\"font-size: 15px;\">)<\/span><\/span><\/span><\/section>\n<section style=\"letter-spacing: 0.578px; text-indent: 2em; margin-bottom: 8px; margin-top: 0px;\"><\/section>\n<section>\n<section style=\"font-size: 16px;\">\n<section style=\"font-size: 16px;\">\n<section style=\"text-align: center; margin-top: 10px; margin-bottom: 10px; line-height: 0;\"><\/section>\n<\/section>\n<section style=\"margin-bottom: 0px; line-height: 1.6em; text-indent: 0em;\"><span style=\"font-size: 15px;\"><strong style=\", arial, sans-serif;letter-spacing: 0.544px; text-align: left;\"><span style=\"font-family: \u5b8b\u4f53;\"><strong style=\", arial, sans-serif;letter-spacing: 0.544px;\"><span style=\"font-family: \u5b8b\u4f53;\">Bericht: <\/span><\/strong><\/span><\/strong><\/span><span style=\"font-size: 15px;\"><em><span style=\"font-family: \u5b8b\u4f53;\">B\u00fcro der Chinesischen<\/span><\/em><\/span><span style=\"font-size: 15px;\"><em><span style=\"font-family: \u5b8b\u4f53;\"> Schule<\/span><\/em><\/span><\/section>\n<p><span style=\"font-size: 15px;\"><strong style=\", arial, sans-serif;letter-spacing: 0.544px; text-align: left;\"><span style=\"font-family: \u5b8b\u4f53;\">Redaktion: <\/span><\/strong><\/span><span style=\"font-size: 15px;\"><em><span style=\"font-size: 15px; font-family: \u5b8b\u4f53;\">Dong Ming u.a.<\/span><\/em><\/span><\/p>\n<section style=\"margin-bottom: 24px; line-height: 1.6em; text-indent: 0em;\"><strong style=\"text-indent: 28px; font-size: 15px; , arial, sans-serif;letter-spacing: 0.544px; text-align: left;\"><span style=\"font-family: \u5b8b\u4f53;\">Fotos\/Videos: <\/span><\/strong><span style=\"font-size: 15px;\"><em><span style=\"font-size: 15px; font-family: \u5b8b\u4f53;\">B\u00fcro der Chinesischen Schule, Verband der heimgekehrten Auslandschinesen des<\/span><span style=\"letter-spacing: 0.578px; text-indent: 34px;\"> Bezirks Dali, Yunnan<\/span><\/em><\/span><\/section>\n<\/section>\n<\/section>\n<p style=\"display: none;\">\n<\/div>\n","protected":false},"excerpt":{"rendered":"<p>Um mehr jungen Auslandschinese [&hellip;]<\/p>\n","protected":false},"author":3,"featured_media":1721,"comment_status":"open","ping_status":"open","sticky":false,"template":"","format":"standard","meta":{"_acf_changed":false,"_EventAllDay":false,"_EventTimezone":"","_EventStartDate":"","_EventEndDate":"","_EventStartDateUTC":"","_EventEndDateUTC":"","_EventShowMap":false,"_EventShowMapLink":false,"_EventURL":"","_EventCost":"","_EventCostDescription":"","_EventCurrencySymbol":"","_EventCurrencyCode":"","_EventCurrencyPosition":"","_EventDateTimeSeparator":"","_EventTimeRangeSeparator":"","_EventOrganizerID":[],"_EventVenueID":[],"_OrganizerEmail":"","_OrganizerPhone":"","_OrganizerWebsite":"","_VenueAddress":"","_VenueCity":"","_VenueCountry":"","_VenueProvince":"","_VenueState":"","_VenueZip":"","_VenuePhone":"","_VenueURL":"","_VenueStateProvince":"","_VenueLat":"","_VenueLng":"","_VenueShowMap":false,"_VenueShowMapLink":false,"_themeisle_gutenberg_block_has_review":false,"_jetpack_memberships_contains_paid_content":false,"footnotes":"","jetpack_publicize_message":"","jetpack_publicize_feature_enabled":true,"jetpack_social_post_already_shared":true,"jetpack_social_options":{"image_generator_settings":{"template":"highway","default_image_id":0,"font":"","enabled":false},"version":2}},"categories":[10],"tags":[],"class_list":["post-1772","post","type-post","status-publish","format-standard","has-post-thumbnail","hentry","category-news-de"],"acf":[],"jetpack_publicize_connections":[],"jetpack_featured_media_url":"https:\/\/chinesische-sprachschule-stuttgart.de\/media\/2025\/06\/wxsync-2025-06-27734f849cd8d762635aa71acc58470b.webp","jetpack_sharing_enabled":true,"jetpack-related-posts":[{"id":3275,"url":"http:\/\/chinesische-sprachschule-stuttgart.de\/de_de\/2025\/07\/28\/chinesische-elemente-auf-der-jahresabschlussfeier-des-porsche-gymnasiums\/","url_meta":{"origin":1772,"position":0},"title":"Chinesische Elemente auf der Jahresabschlussfeier des Porsche-Gymnasiums","author":"author","date":"2025\u5e747\u670828\u65e5","format":false,"excerpt":"Abschlussfeier am Porsche-Gymnasium: Ein fr\u00f6hliche\u2026","rel":"","context":"In &quot;\u6700\u65b0\u52a8\u6001-de&quot;","block_context":{"text":"\u6700\u65b0\u52a8\u6001-de","link":"http:\/\/chinesische-sprachschule-stuttgart.de\/de_de\/category\/news-de\/"},"img":{"alt_text":"","src":"https:\/\/i0.wp.com\/chinesische-sprachschule-stuttgart.de\/media\/2025\/08\/wxsync-2025-08-148435713c92957c3c1f6f578b9e08bb.webp?resize=350%2C200&ssl=1","width":350,"height":200,"srcset":"https:\/\/i0.wp.com\/chinesische-sprachschule-stuttgart.de\/media\/2025\/08\/wxsync-2025-08-148435713c92957c3c1f6f578b9e08bb.webp?resize=350%2C200&ssl=1 1x, https:\/\/i0.wp.com\/chinesische-sprachschule-stuttgart.de\/media\/2025\/08\/wxsync-2025-08-148435713c92957c3c1f6f578b9e08bb.webp?resize=525%2C300&ssl=1 1.5x, https:\/\/i0.wp.com\/chinesische-sprachschule-stuttgart.de\/media\/2025\/08\/wxsync-2025-08-148435713c92957c3c1f6f578b9e08bb.webp?resize=700%2C400&ssl=1 2x, https:\/\/i0.wp.com\/chinesische-sprachschule-stuttgart.de\/media\/2025\/08\/wxsync-2025-08-148435713c92957c3c1f6f578b9e08bb.webp?resize=1050%2C600&ssl=1 3x"},"classes":[]},{"id":1770,"url":"http:\/\/chinesische-sprachschule-stuttgart.de\/de_de\/2025\/05\/22\/padagogisches-seminar-2025-der-chinesischen-schule-stuttgart-erfolgreich-abgehalten\/","url_meta":{"origin":1772,"position":1},"title":"P\u00e4dagogisches Seminar 2025 der Chinesischen Schule Stuttgart erfolgreich abgehalten","author":"author","date":"2025\u5e745\u670822\u65e5","format":false,"excerpt":"Vom 17. bis 18. Mai 2025 veranstaltete die Chinesi\u2026","rel":"","context":"In &quot;\u6700\u65b0\u52a8\u6001-de&quot;","block_context":{"text":"\u6700\u65b0\u52a8\u6001-de","link":"http:\/\/chinesische-sprachschule-stuttgart.de\/de_de\/category\/news-de\/"},"img":{"alt_text":"","src":"https:\/\/i0.wp.com\/chinesische-sprachschule-stuttgart.de\/media\/2025\/06\/wxsync-2025-06-e6cafd3d8c6ebb54ceedadace45828fe.webp?resize=350%2C200&ssl=1","width":350,"height":200,"srcset":"https:\/\/i0.wp.com\/chinesische-sprachschule-stuttgart.de\/media\/2025\/06\/wxsync-2025-06-e6cafd3d8c6ebb54ceedadace45828fe.webp?resize=350%2C200&ssl=1 1x, https:\/\/i0.wp.com\/chinesische-sprachschule-stuttgart.de\/media\/2025\/06\/wxsync-2025-06-e6cafd3d8c6ebb54ceedadace45828fe.webp?resize=525%2C300&ssl=1 1.5x, https:\/\/i0.wp.com\/chinesische-sprachschule-stuttgart.de\/media\/2025\/06\/wxsync-2025-06-e6cafd3d8c6ebb54ceedadace45828fe.webp?resize=700%2C400&ssl=1 2x"},"classes":[]},{"id":5273,"url":"http:\/\/chinesische-sprachschule-stuttgart.de\/de_de\/2026\/03\/04\/fruhlingsfest-auf-dem-tempelmarkt-in-stuttgart-chinesisches-neujahr-in-der-schule\/","url_meta":{"origin":1772,"position":2},"title":"Fr\u00fchlingsfest auf dem Tempelmarkt in Stuttgart: Chinesisches Neujahr in der Schule","author":"author","date":"2026\u5e743\u67084\u65e5","format":false,"excerpt":"Neujahrstempelmarkt zum Jahr des Pferdes auf dem C\u2026","rel":"","context":"In &quot;\u6700\u65b0\u52a8\u6001-de&quot;","block_context":{"text":"\u6700\u65b0\u52a8\u6001-de","link":"http:\/\/chinesische-sprachschule-stuttgart.de\/de_de\/category\/news-de\/"},"img":{"alt_text":"","src":"","width":0,"height":0},"classes":[]},{"id":1771,"url":"http:\/\/chinesische-sprachschule-stuttgart.de\/de_de\/2025\/05\/20\/tag-der-kulturen-chinesischer-charme-trifft-die-welt\/","url_meta":{"origin":1772,"position":3},"title":"Tag der Kulturen: Chinesischer Charme trifft die Welt","author":"author","date":"2025\u5e745\u670820\u65e5","format":false,"excerpt":"Am 16. Mai fand der Tag der Kulturen Stuttgart im \u2026","rel":"","context":"In &quot;\u6700\u65b0\u52a8\u6001-de&quot;","block_context":{"text":"\u6700\u65b0\u52a8\u6001-de","link":"http:\/\/chinesische-sprachschule-stuttgart.de\/de_de\/category\/news-de\/"},"img":{"alt_text":"","src":"https:\/\/i0.wp.com\/chinesische-sprachschule-stuttgart.de\/media\/2025\/06\/wxsync-2025-06-09e70d3bb9c54e3a69e6a7b82e349f83.webp?resize=350%2C200&ssl=1","width":350,"height":200,"srcset":"https:\/\/i0.wp.com\/chinesische-sprachschule-stuttgart.de\/media\/2025\/06\/wxsync-2025-06-09e70d3bb9c54e3a69e6a7b82e349f83.webp?resize=350%2C200&ssl=1 1x, https:\/\/i0.wp.com\/chinesische-sprachschule-stuttgart.de\/media\/2025\/06\/wxsync-2025-06-09e70d3bb9c54e3a69e6a7b82e349f83.webp?resize=525%2C300&ssl=1 1.5x, https:\/\/i0.wp.com\/chinesische-sprachschule-stuttgart.de\/media\/2025\/06\/wxsync-2025-06-09e70d3bb9c54e3a69e6a7b82e349f83.webp?resize=700%2C400&ssl=1 2x, https:\/\/i0.wp.com\/chinesische-sprachschule-stuttgart.de\/media\/2025\/06\/wxsync-2025-06-09e70d3bb9c54e3a69e6a7b82e349f83.webp?resize=1050%2C600&ssl=1 3x"},"classes":[]},{"id":3716,"url":"http:\/\/chinesische-sprachschule-stuttgart.de\/de_de\/2025\/10\/13\/das-herbstfest-mit-seinem-tanz-im-glanz-der-farben-die-sprache-die-kleidung-und-die-kultur-der-han\/","url_meta":{"origin":1772,"position":4},"title":"Das Herbstfest mit seinem Tanz im Glanz der Farben; die Sprache, die Kleidung und die Kultur der Han","author":"author","date":"2025\u5e7410\u670813\u65e5","format":false,"excerpt":"Zusammenkunft im goldenen Herbst \u00b7 Gemeinsames Fei\u2026","rel":"","context":"In &quot;\u6700\u65b0\u52a8\u6001-de&quot;","block_context":{"text":"\u6700\u65b0\u52a8\u6001-de","link":"http:\/\/chinesische-sprachschule-stuttgart.de\/de_de\/category\/news-de\/"},"img":{"alt_text":"","src":"https:\/\/i0.wp.com\/chinesische-sprachschule-stuttgart.de\/media\/2025\/10\/wxsync-2025-10-3226b9b130e68abc552062c8dfcf9bd2.webp?resize=350%2C200&ssl=1","width":350,"height":200,"srcset":"https:\/\/i0.wp.com\/chinesische-sprachschule-stuttgart.de\/media\/2025\/10\/wxsync-2025-10-3226b9b130e68abc552062c8dfcf9bd2.webp?resize=350%2C200&ssl=1 1x, https:\/\/i0.wp.com\/chinesische-sprachschule-stuttgart.de\/media\/2025\/10\/wxsync-2025-10-3226b9b130e68abc552062c8dfcf9bd2.webp?resize=525%2C300&ssl=1 1.5x, https:\/\/i0.wp.com\/chinesische-sprachschule-stuttgart.de\/media\/2025\/10\/wxsync-2025-10-3226b9b130e68abc552062c8dfcf9bd2.webp?resize=700%2C400&ssl=1 2x, https:\/\/i0.wp.com\/chinesische-sprachschule-stuttgart.de\/media\/2025\/10\/wxsync-2025-10-3226b9b130e68abc552062c8dfcf9bd2.webp?resize=1050%2C600&ssl=1 3x"},"classes":[]},{"id":2237,"url":"http:\/\/chinesische-sprachschule-stuttgart.de\/de_de\/2025\/07\/12\/stundenplan-neue-klassen-und-interessenkurse-der-chinesischen-sprachschule-stuttgart-fur-das-schuljahr-2025-2026\/","url_meta":{"origin":1772,"position":5},"title":"Stundenplan, neue Klassen und Interessenkurse der Chinesischen Sprachschule Stuttgart f\u00fcr das Schuljahr 2025\/2026","author":"author","date":"2025\u5e747\u670812\u65e5","format":false,"excerpt":"Chinesische Sprachschule Stuttgart Hauptcampus: Fe\u2026","rel":"","context":"In &quot;\u6700\u65b0\u52a8\u6001-de&quot;","block_context":{"text":"\u6700\u65b0\u52a8\u6001-de","link":"http:\/\/chinesische-sprachschule-stuttgart.de\/de_de\/category\/news-de\/"},"img":{"alt_text":"","src":"https:\/\/i0.wp.com\/chinesische-sprachschule-stuttgart.de\/media\/2025\/07\/wxsync-2025-07-2ab3fe5f4e63d066dc6115cc2c55328b.webp?resize=350%2C200&ssl=1","width":350,"height":200,"srcset":"https:\/\/i0.wp.com\/chinesische-sprachschule-stuttgart.de\/media\/2025\/07\/wxsync-2025-07-2ab3fe5f4e63d066dc6115cc2c55328b.webp?resize=350%2C200&ssl=1 1x, https:\/\/i0.wp.com\/chinesische-sprachschule-stuttgart.de\/media\/2025\/07\/wxsync-2025-07-2ab3fe5f4e63d066dc6115cc2c55328b.webp?resize=525%2C300&ssl=1 1.5x, https:\/\/i0.wp.com\/chinesische-sprachschule-stuttgart.de\/media\/2025\/07\/wxsync-2025-07-2ab3fe5f4e63d066dc6115cc2c55328b.webp?resize=700%2C400&ssl=1 2x"},"classes":[]}],"jetpack_shortlink":"https:\/\/wp.me\/pgAON2-sA","rttpg_featured_image_url":{"full":["https:\/\/chinesische-sprachschule-stuttgart.de\/media\/2025\/06\/wxsync-2025-06-27734f849cd8d762635aa71acc58470b.webp",1080,459,false],"landscape":["https:\/\/chinesische-sprachschule-stuttgart.de\/media\/2025\/06\/wxsync-2025-06-27734f849cd8d762635aa71acc58470b.webp",1080,459,false],"portraits":["https:\/\/chinesische-sprachschule-stuttgart.de\/media\/2025\/06\/wxsync-2025-06-27734f849cd8d762635aa71acc58470b.webp",1080,459,false],"thumbnail":["https:\/\/chinesische-sprachschule-stuttgart.de\/media\/2025\/06\/wxsync-2025-06-27734f849cd8d762635aa71acc58470b-150x150.webp",150,150,true],"medium":["https:\/\/chinesische-sprachschule-stuttgart.de\/media\/2025\/06\/wxsync-2025-06-27734f849cd8d762635aa71acc58470b-300x128.webp",300,128,true],"large":["https:\/\/chinesische-sprachschule-stuttgart.de\/media\/2025\/06\/wxsync-2025-06-27734f849cd8d762635aa71acc58470b-1024x435.webp",1024,435,true],"1536x1536":["https:\/\/chinesische-sprachschule-stuttgart.de\/media\/2025\/06\/wxsync-2025-06-27734f849cd8d762635aa71acc58470b.webp",1080,459,false],"2048x2048":["https:\/\/chinesische-sprachschule-stuttgart.de\/media\/2025\/06\/wxsync-2025-06-27734f849cd8d762635aa71acc58470b.webp",1080,459,false],"trp-custom-language-flag":["https:\/\/chinesische-sprachschule-stuttgart.de\/media\/2025\/06\/wxsync-2025-06-27734f849cd8d762635aa71acc58470b-18x8.webp",18,8,true]},"rttpg_author":{"display_name":"author","author_link":"http:\/\/chinesische-sprachschule-stuttgart.de\/de_de\/author\/author\/"},"rttpg_comment":0,"rttpg_category":"<a href=\"http:\/\/chinesische-sprachschule-stuttgart.de\/de_de\/category\/news-de\/\" rel=\"category tag\">\u6700\u65b0\u52a8\u6001-de<\/a>","rttpg_excerpt":"Um mehr jungen Auslandschinese [&hellip;]","_links":{"self":[{"href":"http:\/\/chinesische-sprachschule-stuttgart.de\/de_de\/wp-json\/wp\/v2\/posts\/1772","targetHints":{"allow":["GET"]}}],"collection":[{"href":"http:\/\/chinesische-sprachschule-stuttgart.de\/de_de\/wp-json\/wp\/v2\/posts"}],"about":[{"href":"http:\/\/chinesische-sprachschule-stuttgart.de\/de_de\/wp-json\/wp\/v2\/types\/post"}],"author":[{"embeddable":true,"href":"http:\/\/chinesische-sprachschule-stuttgart.de\/de_de\/wp-json\/wp\/v2\/users\/3"}],"replies":[{"embeddable":true,"href":"http:\/\/chinesische-sprachschule-stuttgart.de\/de_de\/wp-json\/wp\/v2\/comments?post=1772"}],"version-history":[{"count":1,"href":"http:\/\/chinesische-sprachschule-stuttgart.de\/de_de\/wp-json\/wp\/v2\/posts\/1772\/revisions"}],"predecessor-version":[{"id":1773,"href":"http:\/\/chinesische-sprachschule-stuttgart.de\/de_de\/wp-json\/wp\/v2\/posts\/1772\/revisions\/1773"}],"wp:featuredmedia":[{"embeddable":true,"href":"http:\/\/chinesische-sprachschule-stuttgart.de\/de_de\/wp-json\/wp\/v2\/media\/1721"}],"wp:attachment":[{"href":"http:\/\/chinesische-sprachschule-stuttgart.de\/de_de\/wp-json\/wp\/v2\/media?parent=1772"}],"wp:term":[{"taxonomy":"category","embeddable":true,"href":"http:\/\/chinesische-sprachschule-stuttgart.de\/de_de\/wp-json\/wp\/v2\/categories?post=1772"},{"taxonomy":"post_tag","embeddable":true,"href":"http:\/\/chinesische-sprachschule-stuttgart.de\/de_de\/wp-json\/wp\/v2\/tags?post=1772"}],"curies":[{"name":"wp","href":"https:\/\/api.w.org\/{rel}","templated":true}]}}