{"id":1771,"date":"2025-05-20T14:28:20","date_gmt":"2025-05-20T12:28:20","guid":{"rendered":"https:\/\/chinesische-sprachschule-stuttgart.de\/?p=1771"},"modified":"2025-06-21T14:39:49","modified_gmt":"2025-06-21T12:39:49","slug":"tag-der-kulturen-chinesischer-charme-trifft-die-welt","status":"publish","type":"post","link":"http:\/\/chinesische-sprachschule-stuttgart.de\/de_de\/2025\/05\/20\/tag-der-kulturen-chinesischer-charme-trifft-die-welt\/","title":{"rendered":"Tag der Kulturen: Chinesischer Charme trifft die Welt"},"content":{"rendered":"<div class=\"wxsyncmain\">\n<section style=\"font-style: normal; font-weight: 400; text-align: justify; font-size: 16px;\" data-pm-slice=\"0 0 []\">\n<section style=\"text-align: left; justify-content: flex-start; display: flex; flex-flow: row; margin: 10px 0px;\">\n<section style=\"display: inline-block; vertical-align: bottom; width: auto; align-self: flex-end; flex: 100 100 0%; border-style: dashed; border-width: 1px; border-radius: 17px; overflow: hidden; padding: 8px 32px 8px 8px; height: auto; margin: 0px -17px 0px 0px;\">\n<section style=\"display: flex; width: 100%; flex-flow: column;\">\n<section style=\"z-index: 1;\">\n<section style=\"text-align: center; margin: 0px; line-height: 0;\">\n<section style=\"vertical-align: middle; display: inline-block; line-height: 0; border-style: solid; border-width: 0px; border-radius: 12px; overflow: hidden; width: 60%; height: auto;\"><img decoding=\"async\" class=\"rich_pages wxw-img\" style=\"vertical-align: middle; max-width: 100%; width: 100%;\" src=\"https:\/\/chinesische-sprachschule-stuttgart.de\/media\/2025\/06\/wxsync-2025-06-7621f9ef8c80d4eeb5f5bad4557e8175.webp\" data-ratio=\"1.028125\" data-s=\"300,640\" data-type=\"jpeg\" data-w=\"960\" data-imgfileid=\"502187495\" alt=\"\" title=\"\"><\/section>\n<\/section>\n<\/section>\n<\/section>\n<section style=\"justify-content: flex-start; display: flex; flex-flow: row; margin: 0px;\">\n<section style=\"display: inline-block; width: 100%; vertical-align: top; align-self: flex-start; flex: 0 0 auto; padding: 15px;\">\n<section style=\"text-align: justify;\">\n<p style=\"margin: 0px; padding: 0px;\">Am 16. Mai fand der Tag der Kulturen Stuttgart im VHS-Geb\u00e4ude im Stadtzentrum statt. Der Chinesische Kulturverein Stuttgart und die Chinesische Schule Stuttgart, die sich seit vielen Jahren mit Hingabe der Verbreitung der chinesischen Kultur im Ausland widmen, beteiligten sich wie immer aktiv an den lokalen kulturellen Veranstaltungen. Am Tag der Kulturen betrieben sie einen Informations- und einen Essensstand zur chinesischen Kultur, boten einen Tai-Chi-Kurs an und traten mit einer Erwachsenen- und einer Sch\u00fclertanzgruppe auf, um die traditionelle chinesische Kultur eindrucksvoll zu pr\u00e4sentieren und zu f\u00f6rdern.<\/p>\n<\/section>\n<\/section>\n<\/section>\n<\/section>\n<section style=\"display: inline-block; vertical-align: bottom; width: auto; min-width: 5%; max-width: 100%; flex: 0 0 auto; height: auto; align-self: flex-end;\">\n<section style=\"display: flex; width: 100%; flex-flow: column;\">\n<section style=\"z-index: 1;\">\n<section style=\"text-align: center; margin: 0px; line-height: 0;\">\n<section style=\"max-width: 100%; vertical-align: middle; display: inline-block; line-height: 0; width: 33px; height: auto;\"><img decoding=\"async\" class=\"rich_pages wxw-img\" style=\"vertical-align: middle; max-width: 100%; width: 100%;\" src=\"https:\/\/chinesische-sprachschule-stuttgart.de\/media\/2025\/06\/wxsync-2025-06-8b88a44d97190b43d250fd574986eaf4.webp\" data-ratio=\"1.192\" data-s=\"300,640\" data-type=\"png\" data-w=\"500\" data-imgfileid=\"502187494\" alt=\"\" title=\"\"><\/section>\n<\/section>\n<\/section>\n<\/section>\n<\/section>\n<\/section>\n<\/section>\n<p style=\"margin-top: 24px; text-indent: 2em;\" data-pm-slice=\"0 0 []\">Im Mai in Stuttgart, als die warme Sonne sanft die Innenstadt streichelte und das VHS-Geb\u00e4ude von gesch\u00e4ftigem Treiben und Lachen erf\u00fcllt war, fand der allj\u00e4hrliche Tag der Kulturen statt. Die Chinesische Schule Stuttgart und der Chinesische Kulturverein pr\u00e4sentierten gemeinsam ein Fest der chinesischen Kultur und brachten mit der Sch\u00f6nheit der Malerei, der Sanftheit des Tai-Chi, der Eleganz des Tanzes und dem Duft der Speisen einen Hauch von Orient nach Stuttgart!<\/p>\n<p style=\"text-indent: 2em; margin-top: 8px; margin-bottom: 24px;\"><span style=\", \u9ed1\u4f53, arial, sans-serif;font-size: 17px; font-style: normal; font-weight: 400; letter-spacing: 0.544px; text-align: start; text-transform: none; float: none; display: inline !important;\" data-pm-slice=\"0 0 []\">Am sorgf\u00e4ltig gestalteten Kultur-Informationsstand lagen verschiedene exquisite Brosch\u00fcren \u00fcber die chinesische Kultur, traditionelles chinesisches Kunsthandwerk, chinesische B\u00fccher und Gem\u00e4lde aus. Die Mitarbeiter erkl\u00e4rten den Besuchern ausf\u00fchrlich die Aktivit\u00e4ten des Chinesischen Kulturvereins und das Kursangebot der Chinesischen Schule Stuttgart, um ihnen einen tiefen Einblick in den einzigartigen Charme und das historische Erbe der chinesischen Kultur zu geben.<\/span><\/p>\n<section style=\"font-style: normal; font-weight: 400; text-align: justify; font-size: 16px;\" data-pm-slice=\"0 0 []\">\n<section style=\"text-align: center; margin-top: 10px; margin-bottom: 10px; line-height: 0;\">\n<section style=\"max-width: 100%; vertical-align: middle; display: inline-block; line-height: 0;\"><img decoding=\"async\" class=\"rich_pages wxw-img\" style=\"vertical-align: middle; max-width: 100%; width: 100%;\" src=\"https:\/\/chinesische-sprachschule-stuttgart.de\/media\/2025\/06\/wxsync-2025-06-118ee4d8a08129a735cef427bfc6b1d8.webp\" data-ratio=\"0.6442763\" data-s=\"300,640\" data-type=\"jpeg\" data-w=\"1057\" data-imgfileid=\"502187543\" alt=\"\" title=\"\"><\/section>\n<\/section>\n<section style=\"text-align: center; margin-top: 10px; margin-bottom: 10px; line-height: 0;\">\n<section style=\"max-width: 100%; vertical-align: middle; display: inline-block; line-height: 0; width: 80%; height: auto;\"><img decoding=\"async\" class=\"rich_pages wxw-img\" style=\"vertical-align: middle; max-width: 100%; width: 100%;\" src=\"https:\/\/chinesische-sprachschule-stuttgart.de\/media\/2025\/06\/wxsync-2025-06-2d79779c3b1be8e43cfb29a670c9351c.webp\" data-ratio=\"1.0287037037037037\" data-s=\"300,640\" data-type=\"jpeg\" data-w=\"1080\" data-imgfileid=\"502187544\" alt=\"\" title=\"\"><\/section>\n<\/section>\n<section style=\"text-align: center; margin: 0px 0px 10px; line-height: 0;\">\n<section style=\"max-width: 100%; vertical-align: middle; display: inline-block; line-height: 0;\"><img decoding=\"async\" class=\"rich_pages wxw-img\" style=\"vertical-align: middle; max-width: 100%; width: 100%;\" src=\"https:\/\/chinesische-sprachschule-stuttgart.de\/media\/2025\/06\/wxsync-2025-06-bc65aa35ab68efecfeca10a6e267d54f.webp\" data-ratio=\"0.6361111\" data-s=\"300,640\" data-type=\"jpeg\" data-w=\"1080\" data-imgfileid=\"502187541\" alt=\"\" title=\"\"><\/section>\n<\/section>\n<section style=\"text-align: center; margin-top: 10px; margin-bottom: 10px; line-height: 0;\">\n<section style=\"max-width: 100%; vertical-align: middle; display: inline-block; line-height: 0;\"><img decoding=\"async\" class=\"rich_pages wxw-img\" style=\"vertical-align: middle; max-width: 100%; width: 100%;\" src=\"https:\/\/chinesische-sprachschule-stuttgart.de\/media\/2025\/06\/wxsync-2025-06-04e4d023b2e890e863032d8e5df5b119.webp\" data-ratio=\"0.7481481\" data-s=\"300,640\" data-type=\"jpeg\" data-w=\"1080\" data-imgfileid=\"502187545\" alt=\"\" title=\"\"><\/section>\n<\/section>\n<section style=\"text-align: center; margin-top: 10px; margin-bottom: 10px; line-height: 0;\">\n<section style=\"max-width: 100%; vertical-align: middle; display: inline-block; line-height: 0;\"><img decoding=\"async\" class=\"rich_pages wxw-img\" style=\"vertical-align: middle; max-width: 100%; width: 100%;\" src=\"https:\/\/chinesische-sprachschule-stuttgart.de\/media\/2025\/06\/wxsync-2025-06-825a983d7d4426d9f585a72451333ed3.webp\" data-ratio=\"0.5704633204633205\" data-s=\"300,640\" data-type=\"jpeg\" data-w=\"1036\" data-imgfileid=\"502187542\" alt=\"\" title=\"\"><\/section>\n<\/section>\n<section style=\"text-align: center; font-size: 14px;\">\n<p style=\"margin: 0px; padding: 0px;\"><em>Der chinesische Kultur-Informationsstand am Tag der Kulturen<\/em><\/p>\n<\/section>\n<section style=\"text-align: center; margin: 30px 0px 10px; line-height: 0;\">\n<section style=\"max-width: 100%; vertical-align: middle; display: inline-block; line-height: 0;\"><img decoding=\"async\" class=\"rich_pages wxw-img\" style=\"vertical-align: middle; max-width: 100%; width: 100%;\" src=\"https:\/\/chinesische-sprachschule-stuttgart.de\/media\/2025\/06\/wxsync-2025-06-b928414c68cda819cb9d64fed22e96b0.webp\" data-ratio=\"0.6194444444444445\" data-s=\"300,640\" data-type=\"jpeg\" data-w=\"1080\" data-imgfileid=\"502187496\" alt=\"\" title=\"\"><\/section>\n<\/section>\n<section style=\"text-align: center; font-size: 14px;\">\n<p style=\"margin: 0px; padding: 0px;\"><em>Der chinesische Essensstand am Tag der Kulturen<\/em><\/p>\n<\/section>\n<\/section>\n<section style=\"text-indent: 2em; margin-bottom: 8px; margin-top: 24px; text-align: justify;\"><span data-pm-slice=\"2 3 [&quot;para&quot;,{&quot;tagName&quot;:&quot;section&quot;,&quot;attributes&quot;:{&quot;style&quot;:&quot;margin-bottom: 24px;text-align: justify;text-indent: 2em;margin-top: 24px;&quot;},&quot;namespaceURI&quot;:&quot;http:\/\/www.w3.org\/1999\/xhtml&quot;},&quot;para&quot;,{&quot;tagName&quot;:&quot;p&quot;,&quot;attributes&quot;:{&quot;style&quot;:&quot;margin-top: 8px;margin-bottom: 24px;text-indent: 2em;&quot;},&quot;namespaceURI&quot;:&quot;http:\/\/www.w3.org\/1999\/xhtml&quot;},&quot;node&quot;,{&quot;tagName&quot;:&quot;span&quot;,&quot;attributes&quot;:{&quot;style&quot;:&quot;text-indent: 2em;letter-spacing: 0.034em;&quot;},&quot;namespaceURI&quot;:&quot;http:\/\/www.w3.org\/1999\/xhtml&quot;}]\"><span data-pm-slice=\"0 0 []\"><span data-pm-slice=\"0 0 []\"><span data-pm-slice=\"0 0 []\">Am Essensstand wurden verschiedene chinesische K\u00f6stlichkeiten pr\u00e4sentiert, die viele Besucher zum Probieren anlockten. Durch die Begegnung der Geschm\u00e4cker erhielten sie einen ersten Einblick in die chinesische Esskultur und einen direkteren Eindruck von der chinesischen Kultur.<\/span><\/span><\/span><\/span><\/section>\n<section style=\"text-indent: 2em; margin-bottom: 24px; margin-top: 0px; text-align: justify;\"><span data-pm-slice=\"1 1 [&quot;para&quot;,{&quot;tagName&quot;:&quot;p&quot;,&quot;attributes&quot;:{&quot;data-pm-slice&quot;:&quot;0 0 []&quot;,&quot;style&quot;:&quot;margin-top: 24px; text-indent: 2em;&quot;},&quot;namespaceURI&quot;:&quot;http:\/\/www.w3.org\/1999\/xhtml&quot;}]\">Der Tag der Kulturen in Stuttgart bot den G\u00e4sten auch verschiedene interaktive Kultur- und Kunstkurse zum Mitmachen an, darunter Tanz, Kochen, Fitness, Tai-Chi und Handwerk. Die Chinesische Schule hatte einen Tai-Chi-Kurs vorbereitet, der von der Kampfsportlehrerin der Schule, Frau Lin Li, geleitet wurde. Jede Bewegung, flie\u00dfend und elegant, demonstrierte die dem chinesischen Tai-Chi innewohnende Verbindung von Sanftheit und St\u00e4rke<\/span><span style=\"text-indent: 2em; text-align: justify;\" data-pm-slice=\"1 1 [&quot;para&quot;,{&quot;tagName&quot;:&quot;p&quot;,&quot;attributes&quot;:{&quot;data-pm-slice&quot;:&quot;0 0 []&quot;,&quot;style&quot;:&quot;margin-top: 24px; text-indent: 2em;&quot;},&quot;namespaceURI&quot;:&quot;http:\/\/www.w3.org\/1999\/xhtml&quot;}]\">, die der k\u00f6rperlichen Ert\u00fcchtigung dient.<\/span><span style=\"text-indent: 2em; text-align: justify;\" data-pm-slice=\"0 0 []\"> Unter der geduldigen Anleitung der Tai-Chi-Lehrerin bem\u00fchten sich die Teilnehmer, die Bewegungen nachzuahmen und sp\u00fcrten den einzigartigen Reiz und die gesundheitsf\u00f6rdernde Wirkung dieser traditionellen chinesischen Kampfkunst.<\/span><\/section>\n<section style=\"font-style: normal; font-weight: 400; text-align: justify; font-size: 16px;\" data-pm-slice=\"0 0 []\">\n<section style=\"text-align: center; margin-top: 10px; margin-bottom: 10px; line-height: 0;\">\n<section style=\"max-width: 100%; vertical-align: middle; display: inline-block; line-height: 0;\"><img decoding=\"async\" class=\"rich_pages wxw-img\" style=\"vertical-align: middle; max-width: 100%; width: 100%;\" src=\"https:\/\/chinesische-sprachschule-stuttgart.de\/media\/2025\/06\/wxsync-2025-06-09503b22c8a935485fac18dc75c22da6.webp\" data-ratio=\"0.562963\" data-s=\"300,640\" data-type=\"jpeg\" data-w=\"1080\" data-imgfileid=\"502187513\" alt=\"\" title=\"\"><\/section>\n<\/section>\n<section style=\"text-align: center; margin-top: 10px; margin-bottom: 10px; line-height: 0;\">\n<section style=\"max-width: 100%; vertical-align: middle; display: inline-block; line-height: 0;\"><img decoding=\"async\" class=\"rich_pages wxw-img\" style=\"vertical-align: middle; max-width: 100%; width: 100%;\" src=\"https:\/\/chinesische-sprachschule-stuttgart.de\/media\/2025\/06\/wxsync-2025-06-64cf9a685045c7aaf3dbc73fa4f9cd0f.webp\" data-ratio=\"0.5842592592592593\" data-s=\"300,640\" data-type=\"jpeg\" data-w=\"1080\" data-imgfileid=\"502187512\" alt=\"\" title=\"\"><\/section>\n<\/section>\n<section style=\"text-align: center; font-size: 14px;\">\n<p style=\"margin: 0px 0px 24px; padding: 0px;\"><em>Der chinesische Tai-Chi-Kurs am Tag der Kulturen<\/em><\/p>\n<\/section>\n<\/section>\n<section style=\"text-indent: 0px; margin-bottom: 24px; margin-top: 0px; text-align: justify;\">\n<p style=\"text-indent: 2em; margin-bottom: 24px;\"><span style=\"margin-top: 0px; margin-right: 0px; margin-left: 0px; padding: 0px; max-width: 100%; font-style: normal; font-weight: 400; letter-spacing: 0.544px; text-transform: none; , \u9ed1\u4f53, arial, sans-serif;text-align: start; font-size: 17px;\" data-pm-slice=\"0 0 []\"><span style=\"margin-top: 0px; margin-right: 0px; margin-left: 0px; padding: 0px; max-width: 100%; , \u9ed1\u4f53, arial, sans-serif;letter-spacing: 0.544px; text-align: start;\">Auf der Hauptb\u00fchne des Tages der Kulturen pr\u00e4sentierte<\/span> die Erwachsenen-Tanzgruppe der Chinesischen Schule Stuttgart, bestehend aus sechzehn T\u00e4nzerinnen, dem Publikum chinesische Volkst\u00e4nze:<\/span><span style=\"margin-top: 0px; margin-right: 0px; margin-left: 0px; padding: 0px; max-width: 100%; font-style: normal; font-weight: 400; letter-spacing: 0.544px; text-transform: none; , \u9ed1\u4f53, arial, sans-serif;text-align: start; font-size: 17px;\"> den gro\u00dfen<\/span><span style=\"margin-top: 0px; margin-right: 0px; margin-left: 0px; padding: 0px; max-width: 100%; font-style: normal; font-weight: 400; letter-spacing: 0.544px; text-transform: none; , \u9ed1\u4f53, arial, sans-serif;text-align: start; font-size: 17px;\"> Gruppentanz \u201eLuo Chun Fu\u201c (Ode an den Fr\u00fchlingsgeist von Luo) und \u201eXiangsi Yan Wu Xie\u201c (Die endlose Sehnsucht der Schwalbe). Die Sch\u00fcler-Tanzgruppe, bestehend aus zw\u00f6lf jungen T\u00e4nzerinnen, f\u00fchrte den Tanz \u201eXiang Qin Xiang Ai\u201c (In gegenseitiger Zuneigung) auf.<\/span><\/p>\n<section style=\"font-style: normal; font-weight: 400; text-align: justify; font-size: 16px;\" data-pm-slice=\"0 0 []\">\n<section style=\"text-align: center; margin-top: 10px; margin-bottom: 10px; line-height: 0;\">\n<section style=\"max-width: 100%; vertical-align: middle; display: inline-block; line-height: 0;\"><img decoding=\"async\" class=\"rich_pages wxw-img\" style=\"vertical-align: middle; max-width: 100%; width: 100%;\" src=\"https:\/\/chinesische-sprachschule-stuttgart.de\/media\/2025\/06\/wxsync-2025-06-025ba32987e0907e6e2d76241d21903f.webp\" data-ratio=\"0.6101851851851852\" data-s=\"300,640\" data-type=\"jpeg\" data-w=\"1080\" data-imgfileid=\"502187514\" alt=\"\" title=\"\"><\/section>\n<\/section>\n<section style=\"text-align: center; margin-top: 10px; margin-bottom: 10px; line-height: 0;\">\n<section style=\"max-width: 100%; vertical-align: middle; display: inline-block; line-height: 0;\"><img decoding=\"async\" class=\"rich_pages wxw-img\" style=\"vertical-align: middle; max-width: 100%; width: 100%;\" src=\"https:\/\/chinesische-sprachschule-stuttgart.de\/media\/2025\/06\/wxsync-2025-06-025f3ad2c4ffbd8db09b00e0073605b9.webp\" data-ratio=\"0.5222222\" data-s=\"300,640\" data-type=\"jpeg\" data-w=\"1080\" data-imgfileid=\"502187515\" alt=\"\" title=\"\"><\/section>\n<\/section>\n<section style=\"text-align: center; font-size: 14px;\">\n<p style=\"margin: 0px 0px 24px; padding: 0px;\"><em>Die Erwachsenen-Tanzgruppe der Chinesischen Schule f\u00fchrt \u201eLuo Chun Fu\u201c auf<\/em><\/p>\n<\/section>\n<\/section>\n<p style=\"text-indent: 2em; margin-bottom: 24px;\" data-pm-slice=\"0 0 []\"><span data-olk-copy-source=\"MessageBody\" data-pm-slice=\"0 0 []\">Der Tanz, inspiriert von<\/span> Fr\u00fchlingsbildern aus der klassischen Dichtung, verwandelte die T\u00e4nzerinnen der Erwachsenengruppe unter der Leitung von Frau Yang Le in \u201eFr\u00fchlingsgeister\u201c. Wenn sie ihre langen \u00c4rmel schwangen, glichen sie den Wellen auf gr\u00fcnem Wasser. Ihre leichten Schritte auf den Zehenspitzen und die anmutigen Fingerbewegungen versetzten das Publikum in eine Szenerie wie aus einer Tuschmalerei.<\/p>\n<section style=\"font-style: normal; font-weight: 400; text-align: justify; font-size: 16px;\" data-pm-slice=\"0 0 []\">\n<section style=\"text-align: center; margin-top: 10px; margin-bottom: 10px; line-height: 0;\">\n<section style=\"max-width: 100%; vertical-align: middle; display: inline-block; line-height: 0;\"><img decoding=\"async\" class=\"rich_pages wxw-img\" style=\"vertical-align: middle; max-width: 100%; width: 100%;\" src=\"https:\/\/chinesische-sprachschule-stuttgart.de\/media\/2025\/06\/wxsync-2025-06-735f8014dec39e3a3bf1e46d14f8d23a.webp\" data-ratio=\"0.4824074\" data-s=\"300,640\" data-type=\"jpeg\" data-w=\"1080\" data-imgfileid=\"502187516\" alt=\"\" title=\"\"><\/section>\n<\/section>\n<section style=\"text-align: center; margin-top: 10px; margin-bottom: 10px; line-height: 0;\">\n<section style=\"max-width: 100%; vertical-align: middle; display: inline-block; line-height: 0;\"><img decoding=\"async\" class=\"rich_pages wxw-img\" style=\"vertical-align: middle; max-width: 100%; width: 100%;\" src=\"https:\/\/chinesische-sprachschule-stuttgart.de\/media\/2025\/06\/wxsync-2025-06-401627ab8e581366231e919dd985436e.webp\" data-ratio=\"0.5092593\" data-s=\"300,640\" data-type=\"jpeg\" data-w=\"1080\" data-imgfileid=\"502187517\" alt=\"\" title=\"\"><\/section>\n<\/section>\n<section style=\"text-align: center; margin-top: 10px; margin-bottom: 10px; line-height: 0;\">\n<section style=\"max-width: 100%; vertical-align: middle; display: inline-block; line-height: 0;\"><img decoding=\"async\" class=\"rich_pages wxw-img\" style=\"vertical-align: middle; max-width: 100%; width: 100%;\" src=\"https:\/\/chinesische-sprachschule-stuttgart.de\/media\/2025\/06\/wxsync-2025-06-31badf2c2afdce5bfe0eaeba940cae45.webp\" data-ratio=\"0.6092308\" data-s=\"300,640\" data-type=\"jpeg\" data-w=\"975\" data-imgfileid=\"502187518\" alt=\"\" title=\"\"><\/section>\n<\/section>\n<section style=\"text-align: center; font-size: 14px;\">\n<p style=\"margin: 0px 0px 24px; padding: 0px;\"><em>Die Sch\u00fcler-Tanzgruppe der Chinesischen Schule f\u00fchrt \u201eXiang Qin Xiang Ai\u201c auf<\/em><\/p>\n<\/section>\n<\/section>\n<p style=\"text-indent: 2em; margin-bottom: 24px;\"><span style=\"margin-top: 0px; margin-right: 0px; margin-left: 0px; padding: 0px; max-width: 100%; font-style: normal; font-weight: 400; letter-spacing: 0.544px; text-transform: none; , \u9ed1\u4f53, arial, sans-serif;text-align: start; font-size: 17px;\"><span data-olk-copy-source=\"MessageBody\" data-pm-slice=\"0 0 []\">Eine \u00fcberaus s\u00fc\u00dfe und feurige Darbietung von \u201eXiang Qin Xiang Ai\u201c, bei der die jungen M\u00e4dchen mit ihren T\u00e4nzen die Sch\u00f6nheit und das Erbe der chinesischen Zivilisation darstellten. Mit Anmut und dem Temperament orientalischer Sch\u00f6nheiten tanzten sie die Lebendigkeit der chinesischen Kultur und die jugendliche Energie Chinas und verliehen dem Stuttgarter Fr\u00fchling eine kindliche W\u00e4rme.<\/span><\/span><\/p>\n<section style=\"font-style: normal; font-weight: 400; text-align: justify; font-size: 16px;\" data-pm-slice=\"0 0 []\">\n<section style=\"text-align: center; margin-top: 10px; margin-bottom: 10px; line-height: 0;\">\n<section style=\"max-width: 100%; vertical-align: middle; display: inline-block; line-height: 0;\"><img decoding=\"async\" class=\"rich_pages wxw-img\" style=\"vertical-align: middle; max-width: 100%; width: 100%;\" src=\"https:\/\/chinesische-sprachschule-stuttgart.de\/media\/2025\/06\/wxsync-2025-06-13a1f90f8a99ea506d7b49841755b450.webp\" data-ratio=\"0.5847716\" data-s=\"300,640\" data-type=\"jpeg\" data-w=\"985\" data-imgfileid=\"502187519\" alt=\"\" title=\"\"><\/section>\n<\/section>\n<section style=\"text-align: center; margin-top: 10px; margin-bottom: 10px; line-height: 0;\">\n<section style=\"max-width: 100%; vertical-align: middle; display: inline-block; line-height: 0;\"><img decoding=\"async\" class=\"rich_pages wxw-img\" style=\"vertical-align: middle; max-width: 100%; width: 100%;\" src=\"https:\/\/chinesische-sprachschule-stuttgart.de\/media\/2025\/06\/wxsync-2025-06-7bab183beb1a9391ca168dda6738e632.webp\" data-ratio=\"0.6\" data-s=\"300,640\" data-type=\"jpeg\" data-w=\"1080\" data-imgfileid=\"502187521\" alt=\"\" title=\"\"><\/section>\n<\/section>\n<section style=\"text-align: center; margin-top: 10px; margin-bottom: 10px; line-height: 0;\">\n<section style=\"max-width: 100%; vertical-align: middle; display: inline-block; line-height: 0;\"><img decoding=\"async\" class=\"rich_pages wxw-img\" style=\"vertical-align: middle; max-width: 100%; width: 100%;\" src=\"https:\/\/chinesische-sprachschule-stuttgart.de\/media\/2025\/06\/wxsync-2025-06-88bab0d69723a0677baaa20e0d733355.webp\" data-ratio=\"0.5268519\" data-s=\"300,640\" data-type=\"jpeg\" data-w=\"1080\" data-imgfileid=\"502187520\" alt=\"\" title=\"\"><\/section>\n<\/section>\n<section style=\"text-align: center; font-size: 14px;\">\n<p style=\"margin: 0px; padding: 0px;\"><em>Die Erwachsenen-Tanzgruppe der Chinesischen Schule f\u00fchrt \u201eXiangsi Yan Wu Xie\u201c auf<\/em><\/p>\n<\/section>\n<\/section>\n<p style=\"text-indent: 2em; margin-bottom: 8px; margin-top: 24px;\"><span style=\"margin-right: 0px; margin-left: 0px; padding: 0px; max-width: 100%; font-style: normal; font-weight: 400; letter-spacing: 0.544px; text-transform: none; , \u9ed1\u4f53, arial, sans-serif;text-align: start; font-size: 17px;\"><span data-pm-slice=\"0 0 []\">Der wundersch\u00f6ne Volkstanz, der moderne Choreografietechniken integriert, erz\u00e4hlt eine zeitlose Geschichte der Sehnsucht.<\/span> Die T\u00e4nzerinnen der Erwachsenengruppe<\/span><span style=\"margin-right: 0px; margin-left: 0px; padding: 0px; max-width: 100%; font-style: normal; font-weight: 400; letter-spacing: 0.544px; text-transform: none; , \u9ed1\u4f53, arial, sans-serif;text-align: start; font-size: 17px;\"> zeigten mit anmutigen Bewegungen<\/span><span style=\"margin-right: 0px; margin-left: 0px; padding: 0px; max-width: 100%; font-style: normal; font-weight: 400; letter-spacing: 0.544px; text-transform: none; , \u9ed1\u4f53, arial, sans-serif;text-align: start; font-size: 17px;\"> und modernen Schritten den<\/span><span style=\"margin-right: 0px; margin-left: 0px; padding: 0px; max-width: 100%; font-style: normal; font-weight: 400; letter-spacing: 0.544px; text-transform: none; , \u9ed1\u4f53, arial, sans-serif;text-align: start; font-size: 17px;\"> Charme der chinesischen Kultur und den Glanz des Tanzes \u00fcber Epochen hinweg<\/span><span style=\"margin-right: 0px; margin-left: 0px; padding: 0px; max-width: 100%; font-style: normal; font-weight: 400; letter-spacing: 0.544px; text-transform: none; , \u9ed1\u4f53, arial, sans-serif;text-align: start; font-size: 17px;\">.<span data-olk-copy-source=\"MessageBody\" data-pm-slice=\"0 0 []\"><br \/><\/span><\/span><\/p>\n<p style=\"text-indent: 2em; margin-bottom: 8px; margin-top: 0px;\"><span style=\"margin-right: 0px; margin-left: 0px; padding: 0px; max-width: 100%; font-style: normal; font-weight: 400; letter-spacing: 0.544px; text-transform: none; , \u9ed1\u4f53, arial, sans-serif;text-align: start; font-size: 17px;\"><span data-olk-copy-source=\"MessageBody\" data-pm-slice=\"0 0 []\">Der Applaus im Publikum war \u00fcberw\u00e4ltigend, und die Zuschauer dr\u00fcckten ihre Begeisterung f\u00fcr den chinesischen Tanz und ihre Wertsch\u00e4tzung f\u00fcr die chinesische Kultur auf die herzlichste Weise aus.<\/span><span style=\", \u9ed1\u4f53, arial, sans-serif;font-size: 17px; font-style: normal; font-weight: 400; letter-spacing: 0.544px; text-align: start; text-indent: 34px; text-transform: none; float: none; display: inline !important;\" data-pm-slice=\"0 0 []\"> Die enthusiastische Moderatorin konnte nicht umhin, die Tanzgruppe spontan zu interviewen, lobte die Auftritte beider Gruppen \u00fcberschw\u00e4nglich und erkundigte sich nach den Proben sowie den Aktivit\u00e4ten der Chinesischen Schule und des Kulturvereins. Durch das lebhafte Gespr\u00e4ch erhielten die Zuschauer ein tieferes Verst\u00e4ndnis und eine gr\u00f6\u00dfere Wertsch\u00e4tzung f\u00fcr die chinesische Kultur, die Chinesische Schule Stuttgart, den Chinesischen Kulturverein und die Tanzgruppen der Schule.<\/span><\/span><\/p>\n<\/p>\n<\/section>\n<section style=\"font-style: normal; font-weight: 400; text-align: justify; font-size: 16px;\" data-pm-slice=\"0 0 []\">\n<section style=\"text-align: center; font-size: 14px;\">\n<section style=\"font-style: normal; font-weight: 400; text-align: justify; font-size: 16px;\" data-pm-slice=\"0 0 []\">\n<section style=\"text-align: center; margin-top: 10px; margin-bottom: 10px; line-height: 0;\">\n<section style=\"max-width: 100%; vertical-align: middle; display: inline-block; line-height: 0;\"><img decoding=\"async\" class=\"rich_pages wxw-img\" style=\"vertical-align: middle; max-width: 100%; width: 100%;\" src=\"https:\/\/chinesische-sprachschule-stuttgart.de\/media\/2025\/06\/wxsync-2025-06-ed98a8bae77ba303e92b6e2a2be0fffd.webp\" data-ratio=\"0.5157407407407407\" data-s=\"300,640\" data-type=\"jpeg\" data-w=\"1080\" data-imgfileid=\"502187523\" alt=\"\" title=\"\"><\/section>\n<\/section>\n<section style=\"text-align: center; margin-top: 10px; margin-bottom: 10px; line-height: 0;\">\n<section style=\"max-width: 100%; vertical-align: middle; display: inline-block; line-height: 0;\"><img decoding=\"async\" class=\"rich_pages wxw-img\" style=\"vertical-align: middle; max-width: 100%; width: 100%;\" src=\"https:\/\/chinesische-sprachschule-stuttgart.de\/media\/2025\/06\/wxsync-2025-06-cda9a9f3dacc2bb774cfdf9919341269.webp\" data-ratio=\"0.5509259\" data-s=\"300,640\" data-type=\"jpeg\" data-w=\"1080\" data-imgfileid=\"502187522\" alt=\"\" title=\"\"><\/section>\n<\/section>\n<section style=\"text-align: center; font-size: 14px;\">\n<p style=\"margin: 0px; padding: 0px;\"><em>Der Moderator interviewt die Tanzgruppe live auf der B\u00fchne<\/em><\/p>\n<\/section>\n<\/section>\n<p style=\"margin: 24px 0px; padding: 0px; text-align: justify; text-indent: 2em;\"><em><span data-olk-copy-source=\"MessageBody\" data-pm-slice=\"0 0 []\"><span style=\"font-size: 17px; font-style: normal;\">\u201eLuo Chun Fu\u201c zeigt die Harmonie zwischen Natur und Mensch, w\u00e4hrend <\/span><em><span data-olk-copy-source=\"MessageBody\" data-pm-slice=\"0 0 []\"><span data-pm-slice=\"1 1 [&quot;para&quot;,{&quot;tagName&quot;:&quot;section&quot;,&quot;attributes&quot;:{&quot;style&quot;:&quot;box-sizing: border-box;font-style: normal;font-weight: 400;text-align: justify;font-size: 16px;color: rgb(62, 62, 62);&quot;,&quot;data-pm-slice&quot;:&quot;0 0 []&quot;},&quot;namespaceURI&quot;:&quot;http:\/\/www.w3.org\/1999\/xhtml&quot;},&quot;para&quot;,{&quot;tagName&quot;:&quot;section&quot;,&quot;attributes&quot;:{&quot;style&quot;:&quot;text-align: center;font-size: 14px;box-sizing: border-box;&quot;},&quot;namespaceURI&quot;:&quot;http:\/\/www.w3.org\/1999\/xhtml&quot;},&quot;para&quot;,{&quot;tagName&quot;:&quot;p&quot;,&quot;attributes&quot;:{&quot;style&quot;:&quot;margin: 24px 0px; padding: 0px; box-sizing: border-box; text-align: justify; text-indent: 2em;&quot;},&quot;namespaceURI&quot;:&quot;http:\/\/www.w3.org\/1999\/xhtml&quot;},&quot;node&quot;,{&quot;tagName&quot;:&quot;em&quot;,&quot;attributes&quot;:{&quot;style&quot;:&quot;box-sizing: border-box;&quot;},&quot;namespaceURI&quot;:&quot;http:\/\/www.w3.org\/1999\/xhtml&quot;},&quot;node&quot;,{&quot;tagName&quot;:&quot;span&quot;,&quot;attributes&quot;:{&quot;data-olk-copy-source&quot;:&quot;MessageBody&quot;,&quot;data-pm-slice&quot;:&quot;0 0 []&quot;},&quot;namespaceURI&quot;:&quot;http:\/\/www.w3.org\/1999\/xhtml&quot;}]\"><span style=\"font-size: 17px; font-style: normal;\">\u201eXiang Qin Xiang Ai\u201c und \u201eXiangsi Yan Wu Xie\u201c die Ewigkeit der Gef\u00fchle vermitteln \u2013 das ist das Bewegendste an der chinesischen Kultur. Nach der Vorstellung waren die T\u00e4nzerinnen noch immer von der Aufregung des erfolgreichen Auftritts erf\u00fcllt und sp\u00fcrten die begeisterte Anerkennung des Publikums. Alle machten vor der Vorstellungshalle Erinnerungsfotos, um diesen unvergesslichen Tag der Kulturen festzuhalten.<\/span><\/span><\/span><\/em><\/span><\/em><\/p>\n<section style=\"font-style: normal; font-weight: 400; text-align: justify; font-size: 16px;\" data-pm-slice=\"0 0 []\">\n<section style=\"text-align: center; margin-top: 10px; margin-bottom: 10px; line-height: 0;\">\n<section style=\"max-width: 100%; vertical-align: middle; display: inline-block; line-height: 0; border-radius: 20px; overflow: hidden;\"><img decoding=\"async\" class=\"rich_pages wxw-img\" style=\"vertical-align: middle; max-width: 100%; width: 100%;\" src=\"https:\/\/chinesische-sprachschule-stuttgart.de\/media\/2025\/06\/wxsync-2025-06-d1b69bc33fb0cd490d67eb15e0643b07.webp\" data-ratio=\"0.65\" data-s=\"300,640\" data-type=\"jpeg\" data-w=\"1080\" data-imgfileid=\"502187529\" alt=\"\" title=\"\"><\/section>\n<\/section>\n<section style=\"text-align: center; margin-top: 10px; margin-bottom: 10px; line-height: 0;\">\n<section style=\"max-width: 100%; vertical-align: middle; display: inline-block; line-height: 0; border-radius: 20px; overflow: hidden;\"><img decoding=\"async\" class=\"rich_pages wxw-img\" style=\"vertical-align: middle; max-width: 100%; width: 100%;\" src=\"https:\/\/chinesische-sprachschule-stuttgart.de\/media\/2025\/06\/wxsync-2025-06-c457396a6750b1637640a96b80f28ac2.webp\" data-ratio=\"1.0194444\" data-s=\"300,640\" data-type=\"jpeg\" data-w=\"1080\" data-imgfileid=\"502187531\" alt=\"\" title=\"\"><\/section>\n<\/section>\n<section style=\"text-align: center; margin-top: 10px; margin-bottom: 10px; line-height: 0;\">\n<section style=\"max-width: 100%; vertical-align: middle; display: inline-block; line-height: 0; border-radius: 20px; overflow: hidden;\"><img decoding=\"async\" class=\"rich_pages wxw-img\" style=\"vertical-align: middle; max-width: 100%; width: 100%;\" src=\"https:\/\/chinesische-sprachschule-stuttgart.de\/media\/2025\/06\/wxsync-2025-06-7328eb69907c36c950b6d2542bfd86f5.webp\" data-ratio=\"0.995159728944821\" data-s=\"300,640\" data-type=\"jpeg\" data-w=\"1033\" data-imgfileid=\"502187530\" alt=\"\" title=\"\"><\/section>\n<\/section>\n<section style=\"text-align: center; margin-top: 10px; margin-bottom: 10px; line-height: 0;\">\n<section style=\"vertical-align: middle; display: inline-block; line-height: 0; width: 80%; height: auto; border-radius: 10px; overflow: hidden;\"><img decoding=\"async\" class=\"rich_pages wxw-img\" style=\"vertical-align: middle; max-width: 100%; width: 100%;\" src=\"https:\/\/chinesische-sprachschule-stuttgart.de\/media\/2025\/06\/wxsync-2025-06-40e5979eb24cf1df87097902778e9bc1.webp\" data-ratio=\"1.0944444444444446\" data-s=\"300,640\" data-type=\"jpeg\" data-w=\"1080\" data-imgfileid=\"502187528\" alt=\"\" title=\"\"><\/section>\n<\/section>\n<section style=\"text-align: center; font-size: 14px;\">\n<p style=\"margin: 0px; padding: 0px;\"><em>Nach der Vorstellung machen die beiden Tanzgruppen ein Gruppenfoto zur Erinnerung<\/em><\/p>\n<\/section>\n<\/section>\n<p style=\"margin: 24px 0px; padding: 0px; text-align: justify; text-indent: 2em;\"><em><span data-olk-copy-source=\"MessageBody\" data-pm-slice=\"0 0 []\"><em><span data-olk-copy-source=\"MessageBody\" data-pm-slice=\"0 0 []\"><span style=\"margin: 0px; padding: 0px; max-width: 100%; font-size: 16px; font-style: normal; font-weight: 400; letter-spacing: 0.544px; text-transform: none; , \u9ed1\u4f53, arial, sans-serif;text-align: start;\" data-pm-slice=\"0 0 []\"><span style=\"font-size: 17px;\">Am<\/span><\/span><span style=\"margin: 0px; padding: 0px; max-width: 100%; font-size: 16px; font-style: normal; font-weight: 400; letter-spacing: 0.544px; text-transform: none; , \u9ed1\u4f53, arial, sans-serif;text-align: start;\"><span style=\"font-size: 17px;\"> Tag der Kulturen in Stuttgart kann man die k\u00fcnstlerischen Darbietungen und Informationsst\u00e4nde verschiedener L\u00e4nder und V\u00f6lker bewundern, insbesondere die kulinarischen Spezialit\u00e4ten der verschiedenen Ethnien. Dies f\u00f6rdert den gegenseitigen Austausch, das Verst\u00e4ndnis, das voneinander Lernen und die Zusammenarbeit zwischen den V\u00f6lkern, um die Integration und Koexistenz der Kulturen zu erreichen.<\/span><\/span><\/span><\/em><\/span><\/em><\/p>\n<section style=\"font-style: normal; font-weight: 400; text-align: justify; font-size: 16px;\" data-pm-slice=\"0 0 []\">\n<section style=\"text-align: left; justify-content: flex-start; display: flex; flex-flow: row; margin: 10px 0px 0px;\">\n<section style=\"display: inline-block; vertical-align: top; width: 50%; align-self: flex-start; flex: 0 0 auto; padding: 0px;\">\n<section style=\"margin: 0px; line-height: 0;\">\n<section style=\"max-width: 100%; vertical-align: middle; display: inline-block; line-height: 0; border-style: solid; border-width: 0px; width: 97%; height: auto;\"><img decoding=\"async\" class=\"rich_pages wxw-img\" style=\"vertical-align: middle; max-width: 100%; width: 100%;\" src=\"https:\/\/chinesische-sprachschule-stuttgart.de\/media\/2025\/06\/wxsync-2025-06-d75341d58edb2c8ccc9dfdbcb3451cc5.webp\" data-ratio=\"0.7481481481481481\" data-s=\"300,640\" data-type=\"jpeg\" data-w=\"1080\" data-imgfileid=\"502187534\" alt=\"\" title=\"\"><\/section>\n<\/section>\n<\/section>\n<section style=\"display: inline-block; vertical-align: top; width: 50%; align-self: flex-start; flex: 0 0 auto;\">\n<section style=\"text-align: right; margin: 0px; line-height: 0;\">\n<section style=\"max-width: 100%; vertical-align: middle; display: inline-block; line-height: 0; border-style: solid; border-width: 0px; width: 97%; height: auto;\"><img decoding=\"async\" class=\"rich_pages wxw-img\" style=\"vertical-align: middle; max-width: 100%; width: 100%;\" src=\"https:\/\/chinesische-sprachschule-stuttgart.de\/media\/2025\/06\/wxsync-2025-06-4d37489165746391f9a2d0b0d8c52fd8.webp\" data-ratio=\"0.7481481481481481\" data-s=\"300,640\" data-type=\"jpeg\" data-w=\"1080\" data-imgfileid=\"502187535\" alt=\"\" title=\"\"><\/section>\n<\/section>\n<\/section>\n<\/section>\n<section style=\"text-align: left; justify-content: flex-start; display: flex; flex-flow: row; margin: 10px 0px;\">\n<section style=\"display: inline-block; vertical-align: top; width: 50%; align-self: flex-start; flex: 0 0 auto; padding: 0px;\">\n<section style=\"margin: 0px; line-height: 0;\">\n<section style=\"max-width: 100%; vertical-align: middle; display: inline-block; line-height: 0; border-style: solid; border-width: 0px; width: 97%; height: auto;\"><img decoding=\"async\" class=\"rich_pages wxw-img\" style=\"vertical-align: middle; max-width: 100%; width: 100%;\" src=\"https:\/\/chinesische-sprachschule-stuttgart.de\/media\/2025\/06\/wxsync-2025-06-3c29765accd4a66b1bf8392fbc4ecc36.webp\" data-ratio=\"0.6835586\" data-s=\"300,640\" data-type=\"jpeg\" data-w=\"888\" data-imgfileid=\"502187533\" alt=\"\" title=\"\"><\/section>\n<\/section>\n<\/section>\n<section style=\"display: inline-block; vertical-align: top; width: 50%; align-self: flex-start; flex: 0 0 auto;\">\n<section style=\"text-align: right; margin: 0px; line-height: 0;\">\n<section style=\"max-width: 100%; vertical-align: middle; display: inline-block; line-height: 0; border-style: solid; border-width: 0px; width: 97%; height: auto;\"><img decoding=\"async\" class=\"rich_pages wxw-img\" style=\"vertical-align: middle; max-width: 100%; width: 100%;\" src=\"https:\/\/chinesische-sprachschule-stuttgart.de\/media\/2025\/06\/wxsync-2025-06-fdf518dd6ab29783655d4150dd5b1c42.webp\" data-ratio=\"0.6826043\" data-s=\"300,640\" data-type=\"jpeg\" data-w=\"983\" data-imgfileid=\"502187532\" alt=\"\" title=\"\"><\/section>\n<\/section>\n<\/section>\n<\/section>\n<section style=\"text-align: center; font-size: 14px;\">\n<p style=\"margin: 0px; padding: 0px;\"><em>K\u00fcnstlerische Darbietungen und Essensst\u00e4nde verschiedener Nationen am Tag der Kulturen in Stuttgart<\/em><\/p>\n<\/section>\n<\/section>\n<p style=\"margin: 0px 0px 8px; padding: 0px; text-align: justify; text-indent: 2em;\"><em><span style=\"letter-spacing: 0.578px; font-size: var(--articleFontsize);\"> <\/span><\/em><\/p>\n<p style=\"margin: 0px 0px 8px; padding: 0px; text-align: justify; text-indent: 2em;\"><em><span data-olk-copy-source=\"MessageBody\" data-pm-slice=\"0 0 []\"><span style=\"font-style: italic; letter-spacing: 0.578px; font-size: var(--articleFontsize);\"><span style=\"font-size: 17px; font-style: normal;\">Diese Veranstaltung pr\u00e4sentierte nicht nur die Tiefe und Breite der chinesischen Kultur, sondern wurde auch zu einer herzlichen Br\u00fccke f\u00fcr den kulturellen Austausch zwischen den Nationen und bot den G\u00e4sten eine Plattform f\u00fcr Austausch und Lernen. Hier konnte man das Aufeinandertreffen und die Verschmelzung verschiedener Kulturen erleben und so den Charme der multikulturellen Vielfalt tiefer verstehen und sch\u00e4tzen lernen<\/span><\/span><span style=\"font-weight: 400; text-align: justify; text-indent: 2em; font-style: italic; letter-spacing: 0.578px; font-size: var(--articleFontsize);\" data-pm-slice=\"0 0 []\"><em><span data-olk-copy-source=\"MessageBody\" data-pm-slice=\"0 0 []\"><span style=\"font-weight: 400; text-align: justify; text-indent: 2em; font-style: italic; letter-spacing: 0.578px; font-size: var(--articleFontsize);\" data-pm-slice=\"1 1 [&quot;para&quot;,{&quot;tagName&quot;:&quot;section&quot;,&quot;attributes&quot;:{&quot;style&quot;:&quot;box-sizing: border-box;font-style: normal;font-weight: 400;text-align: justify;font-size: 16px;color: rgb(62, 62, 62);&quot;,&quot;data-pm-slice&quot;:&quot;0 0 []&quot;},&quot;namespaceURI&quot;:&quot;http:\/\/www.w3.org\/1999\/xhtml&quot;},&quot;para&quot;,{&quot;tagName&quot;:&quot;section&quot;,&quot;attributes&quot;:{&quot;style&quot;:&quot;text-align: center;font-size: 14px;box-sizing: border-box;&quot;},&quot;namespaceURI&quot;:&quot;http:\/\/www.w3.org\/1999\/xhtml&quot;},&quot;para&quot;,{&quot;tagName&quot;:&quot;p&quot;,&quot;attributes&quot;:{&quot;style&quot;:&quot;margin: 0px 0px 8px; padding: 0px; box-sizing: border-box; text-align: justify; text-indent: 2em;&quot;},&quot;namespaceURI&quot;:&quot;http:\/\/www.w3.org\/1999\/xhtml&quot;},&quot;node&quot;,{&quot;tagName&quot;:&quot;em&quot;,&quot;attributes&quot;:{&quot;style&quot;:null},&quot;namespaceURI&quot;:&quot;http:\/\/www.w3.org\/1999\/xhtml&quot;},&quot;node&quot;,{&quot;tagName&quot;:&quot;span&quot;,&quot;attributes&quot;:{&quot;data-olk-copy-source&quot;:&quot;MessageBody&quot;,&quot;data-pm-slice&quot;:&quot;0 0 []&quot;,&quot;style&quot;:null},&quot;namespaceURI&quot;:&quot;http:\/\/www.w3.org\/1999\/xhtml&quot;}]\"><span style=\"font-size: 17px; font-style: normal;\">.<\/span><\/span><span style=\"font-weight: 400; text-align: justify; text-indent: 2em; font-style: italic; letter-spacing: 0.578px; font-size: var(--articleFontsize);\" data-olk-copy-source=\"MessageBody\" data-pm-slice=\"0 0 []\"><span style=\"font-weight: 400; text-align: justify; text-indent: 2em; font-style: italic; letter-spacing: 0.578px; font-size: var(--articleFontsize);\"><span style=\"font-size: 17px; font-style: normal;\">Auf dieser B\u00fchne der kulturellen Verschmelzung ging chinesischer Charme Hand in Hand mit der Welt und entfaltete einen ber\u00fchrenden Glanz.<\/span><\/span><\/span><\/span><\/em><\/span><span style=\"font-weight: 400; text-align: justify; text-indent: 2em; font-style: italic; letter-spacing: 0.578px; font-size: var(--articleFontsize);\"><span style=\"font-style: italic; letter-spacing: 0.578px; font-size: var(--articleFontsize);\"><span style=\"font-size: 17px; font-style: normal;\">Die F\u00f6rderung der chinesischen Sprache und Kultur<\/span><\/span><\/span><span style=\"margin: 0px; padding: 0px; max-width: 100%; font-style: normal; font-weight: 400; letter-spacing: 0.544px; text-transform: none; , \u9ed1\u4f53, arial, sans-serif;font-size: 17px; text-align: start; text-indent: 2em;\"> ist ein gemeinsamer Wunsch der \u00dcberseechinesen.<\/span><span style=\"margin: 0px; padding: 0px; max-width: 100%; font-style: normal; font-weight: 400; letter-spacing: 0.544px; text-transform: none; , \u9ed1\u4f53, arial, sans-serif;font-size: 17px; text-align: start; text-indent: 2em;\"> Der Chinesische Kulturverein Stuttgart und die Chinesische Schule werden sich weiterhin<\/span><span style=\"margin: 0px; padding: 0px; max-width: 100%; font-style: normal; font-weight: 400; letter-spacing: 0.544px; text-transform: none; , \u9ed1\u4f53, arial, sans-serif;font-size: 17px; text-align: start; text-indent: 2em;\"> f\u00fcr die Weitergabe und F\u00f6rderung der chinesischen Kultur einsetzen<\/span><span style=\"margin: 0px; padding: 0px; max-width: 100%; font-style: normal; font-weight: 400; letter-spacing: 0.544px; text-transform: none; , \u9ed1\u4f53, arial, sans-serif;font-size: 17px; text-align: start; text-indent: 2em;\"> und<\/span><span style=\"margin: 0px; padding: 0px; max-width: 100%; font-style: normal; font-weight: 400; letter-spacing: 0.544px; text-transform: none; , \u9ed1\u4f53, arial, sans-serif;font-size: 17px; text-align: start; text-indent: 2em;\"> einen gr\u00f6\u00dferen Beitrag zum Kulturaustausch leisten.<\/span><\/span><\/em><\/p>\n<p style=\"margin: 0px 0px 8px; padding: 0px; text-align: justify; text-indent: 2em;\"><em><span style=\"font-weight: 400; text-align: justify; text-indent: 2em; font-style: italic; letter-spacing: 0.578px; font-size: var(--articleFontsize);\"><span style=\"font-size: 17px; font-style: normal;\">Vielen Dank an die Lehrer, Sch\u00fcler und Mitarbeiter der Chinesischen Schule, die am<\/span><\/span><span style=\"font-weight: 400; text-align: justify; text-indent: 2em; font-style: italic; letter-spacing: 0.578px; font-size: var(--articleFontsize);\"><span style=\"font-size: 17px; font-style: normal;\"> Tag der Kulturen in Stuttgart<\/span><\/span><span style=\"font-weight: 400; text-align: justify; text-indent: 2em; font-style: italic; letter-spacing: 0.578px; font-size: var(--articleFontsize);\" data-pm-slice=\"0 0 []\"><span style=\"font-size: 17px; font-style: normal;\"> teilgenommen haben<\/span><\/span><span style=\"font-weight: 400; text-align: justify; text-indent: 2em; font-style: italic; letter-spacing: 0.578px; font-size: var(--articleFontsize);\"><span style=\"font-size: 17px; font-style: normal;\">! Vielen Dank an die Mitarbeiter des Informations- und Essensstandes!<\/span><\/span><em><span style=\"font-weight: 400; text-align: justify; text-indent: 2em; font-style: italic; letter-spacing: 0.578px; font-size: var(--articleFontsize);\" data-pm-slice=\"1 1 [&quot;para&quot;,{&quot;tagName&quot;:&quot;section&quot;,&quot;attributes&quot;:{&quot;style&quot;:&quot;box-sizing: border-box;font-style: normal;font-weight: 400;text-align: justify;font-size: 16px;color: rgb(62, 62, 62);&quot;,&quot;data-pm-slice&quot;:&quot;0 0 []&quot;},&quot;namespaceURI&quot;:&quot;http:\/\/www.w3.org\/1999\/xhtml&quot;},&quot;para&quot;,{&quot;tagName&quot;:&quot;section&quot;,&quot;attributes&quot;:{&quot;style&quot;:&quot;text-align: center;font-size: 14px;box-sizing: border-box;&quot;},&quot;namespaceURI&quot;:&quot;http:\/\/www.w3.org\/1999\/xhtml&quot;},&quot;para&quot;,{&quot;tagName&quot;:&quot;p&quot;,&quot;attributes&quot;:{&quot;style&quot;:&quot;margin: 0px 0px 8px; padding: 0px; box-sizing: border-box; text-align: justify; text-indent: 2em;&quot;},&quot;namespaceURI&quot;:&quot;http:\/\/www.w3.org\/1999\/xhtml&quot;},&quot;node&quot;,{&quot;tagName&quot;:&quot;em&quot;,&quot;attributes&quot;:{&quot;style&quot;:null},&quot;namespaceURI&quot;:&quot;http:\/\/www.w3.org\/1999\/xhtml&quot;}]\"><span style=\"font-size: 17px; font-style: normal;\">Vielen Dank an Frau Lin Li f\u00fcr die Durchf\u00fchrung des Tai-Chi-Kurses am<\/span><\/span><em><span style=\"font-weight: 400; text-align: justify; text-indent: 2em; font-style: italic; letter-spacing: 0.578px; font-size: var(--articleFontsize);\" data-pm-slice=\"1 1 [&quot;para&quot;,{&quot;tagName&quot;:&quot;section&quot;,&quot;attributes&quot;:{&quot;style&quot;:&quot;box-sizing: border-box;font-style: normal;font-weight: 400;text-align: justify;font-size: 16px;color: rgb(62, 62, 62);&quot;,&quot;data-pm-slice&quot;:&quot;0 0 []&quot;},&quot;namespaceURI&quot;:&quot;http:\/\/www.w3.org\/1999\/xhtml&quot;},&quot;para&quot;,{&quot;tagName&quot;:&quot;section&quot;,&quot;attributes&quot;:{&quot;style&quot;:&quot;text-align: center;font-size: 14px;box-sizing: border-box;&quot;},&quot;namespaceURI&quot;:&quot;http:\/\/www.w3.org\/1999\/xhtml&quot;},&quot;para&quot;,{&quot;tagName&quot;:&quot;p&quot;,&quot;attributes&quot;:{&quot;style&quot;:&quot;margin: 0px 0px 8px; padding: 0px; box-sizing: border-box; text-align: justify; text-indent: 2em;&quot;},&quot;namespaceURI&quot;:&quot;http:\/\/www.w3.org\/1999\/xhtml&quot;},&quot;node&quot;,{&quot;tagName&quot;:&quot;em&quot;,&quot;attributes&quot;:{&quot;style&quot;:null},&quot;namespaceURI&quot;:&quot;http:\/\/www.w3.org\/1999\/xhtml&quot;}]\"><span style=\"font-size: 17px; font-style: normal;\"> Tag der Kulturen! Vielen Dank an Frau Yang Le f\u00fcr die Leitung der beiden Tanzgruppen bei ihren Auftritten! Vielen Dank an die T\u00e4nzerinnen der Sch\u00fcler- und Erwachsenen-Tanzgruppen f\u00fcr ihre wundervollen Darbietungen! Vielen Dank an die Eltern und Familien der T\u00e4nzerinnen f\u00fcr ihre Unterst\u00fctzung und Begleitung!<\/span><\/span><\/em><\/em><\/em><\/p>\n<\/section>\n<\/section>\n<section style=\"letter-spacing: 0.578px; text-indent: 2em; margin-bottom: 8px; margin-top: 0px;\"><\/section>\n<section>\n<section style=\"font-size: 16px;\">\n<section style=\"font-size: 16px;\">\n<section style=\"text-align: center; margin-top: 10px; margin-bottom: 10px; line-height: 0;\"><\/section>\n<\/section>\n<section style=\"margin-bottom: 0px; line-height: 1.6em; text-indent: 0em;\"><span style=\"font-size: 15px;\"><strong style=\", arial, sans-serif;letter-spacing: 0.544px; text-align: left;\"><span style=\"font-family: \u5b8b\u4f53;\"><strong style=\", arial, sans-serif;letter-spacing: 0.544px;\"><span style=\"font-family: \u5b8b\u4f53;\">Bericht:<\/span><\/strong><\/span><\/strong><\/span><span style=\"font-size: 15px;\"><em><span style=\"font-family: \u5b8b\u4f53;\"> B\u00fcro der Chinesischen <\/span><\/em><\/span><span style=\"font-size: 15px;\"><em><span style=\"font-family: \u5b8b\u4f53;\">Schule<\/span><\/em><\/span><\/section>\n<p><span style=\"font-size: 15px;\"><strong style=\", arial, sans-serif;letter-spacing: 0.544px; text-align: left;\"><span style=\"font-family: \u5b8b\u4f53;\">Redaktion:<\/span><\/strong><\/span><span style=\"font-size: 15px;\"><em><span style=\"font-size: 15px; font-family: \u5b8b\u4f53;\"> Dong Ming u.a.<\/span><\/em><\/span><\/p>\n<section style=\"margin-bottom: 24px; line-height: 1.6em; text-indent: 0em;\"><strong style=\"text-indent: 28px; font-size: 15px; , arial, sans-serif;letter-spacing: 0.544px; text-align: left;\"><span style=\"font-family: \u5b8b\u4f53;\">Fotos:<\/span><\/strong><span style=\"font-family: \u5b8b\u4f53; font-size: 15px; font-style: normal; font-weight: 400; letter-spacing: 0.544px; text-align: left; text-indent: 32px; text-transform: none; display: inline !important; float: none;\" data-pm-slice=\"0 0 []\"><span style=\"font-style: italic;\"> Mitarbeiter des Informationsstandes, Eltern und Angeh\u00f6rige der Tanzgruppe<\/span><\/span><\/section>\n<\/section>\n<\/section>\n<p style=\"display: none;\">\n<\/div>\n","protected":false},"excerpt":{"rendered":"<p>Am 16. Mai fand der Tag der Ku [&hellip;]<\/p>\n","protected":false},"author":3,"featured_media":1607,"comment_status":"open","ping_status":"open","sticky":false,"template":"","format":"standard","meta":{"_acf_changed":false,"_EventAllDay":false,"_EventTimezone":"","_EventStartDate":"","_EventEndDate":"","_EventStartDateUTC":"","_EventEndDateUTC":"","_EventShowMap":false,"_EventShowMapLink":false,"_EventURL":"","_EventCost":"","_EventCostDescription":"","_EventCurrencySymbol":"","_EventCurrencyCode":"","_EventCurrencyPosition":"","_EventDateTimeSeparator":"","_EventTimeRangeSeparator":"","_EventOrganizerID":[],"_EventVenueID":[],"_OrganizerEmail":"","_OrganizerPhone":"","_OrganizerWebsite":"","_VenueAddress":"","_VenueCity":"","_VenueCountry":"","_VenueProvince":"","_VenueState":"","_VenueZip":"","_VenuePhone":"","_VenueURL":"","_VenueStateProvince":"","_VenueLat":"","_VenueLng":"","_VenueShowMap":false,"_VenueShowMapLink":false,"_themeisle_gutenberg_block_has_review":false,"_jetpack_memberships_contains_paid_content":false,"footnotes":"","jetpack_publicize_message":"","jetpack_publicize_feature_enabled":true,"jetpack_social_post_already_shared":true,"jetpack_social_options":{"image_generator_settings":{"template":"highway","default_image_id":0,"font":"","enabled":false},"version":2}},"categories":[10],"tags":[],"class_list":["post-1771","post","type-post","status-publish","format-standard","has-post-thumbnail","hentry","category-news-de"],"acf":[],"jetpack_publicize_connections":[],"jetpack_featured_media_url":"https:\/\/chinesische-sprachschule-stuttgart.de\/media\/2025\/06\/wxsync-2025-06-09e70d3bb9c54e3a69e6a7b82e349f83.webp","jetpack_sharing_enabled":true,"jetpack-related-posts":[{"id":3716,"url":"http:\/\/chinesische-sprachschule-stuttgart.de\/de_de\/2025\/10\/13\/das-herbstfest-mit-seinem-tanz-im-glanz-der-farben-die-sprache-die-kleidung-und-die-kultur-der-han\/","url_meta":{"origin":1771,"position":0},"title":"Das Herbstfest mit seinem Tanz im Glanz der Farben; die Sprache, die Kleidung und die Kultur der Han","author":"author","date":"2025\u5e7410\u670813\u65e5","format":false,"excerpt":"Zusammenkunft im goldenen Herbst \u00b7 Gemeinsames Fei\u2026","rel":"","context":"In &quot;\u6700\u65b0\u52a8\u6001-de&quot;","block_context":{"text":"\u6700\u65b0\u52a8\u6001-de","link":"http:\/\/chinesische-sprachschule-stuttgart.de\/de_de\/category\/news-de\/"},"img":{"alt_text":"","src":"https:\/\/i0.wp.com\/chinesische-sprachschule-stuttgart.de\/media\/2025\/10\/wxsync-2025-10-3226b9b130e68abc552062c8dfcf9bd2.webp?resize=350%2C200&ssl=1","width":350,"height":200,"srcset":"https:\/\/i0.wp.com\/chinesische-sprachschule-stuttgart.de\/media\/2025\/10\/wxsync-2025-10-3226b9b130e68abc552062c8dfcf9bd2.webp?resize=350%2C200&ssl=1 1x, https:\/\/i0.wp.com\/chinesische-sprachschule-stuttgart.de\/media\/2025\/10\/wxsync-2025-10-3226b9b130e68abc552062c8dfcf9bd2.webp?resize=525%2C300&ssl=1 1.5x, https:\/\/i0.wp.com\/chinesische-sprachschule-stuttgart.de\/media\/2025\/10\/wxsync-2025-10-3226b9b130e68abc552062c8dfcf9bd2.webp?resize=700%2C400&ssl=1 2x, https:\/\/i0.wp.com\/chinesische-sprachschule-stuttgart.de\/media\/2025\/10\/wxsync-2025-10-3226b9b130e68abc552062c8dfcf9bd2.webp?resize=1050%2C600&ssl=1 3x"},"classes":[]},{"id":1772,"url":"http:\/\/chinesische-sprachschule-stuttgart.de\/de_de\/2025\/05\/15\/literarisches-dali-eine-virtuelle-reise-zum-erhai-see-lesen-und-das-kulturerbe-gemeinsam-pflegen\/","url_meta":{"origin":1771,"position":1},"title":"Literarisches Dali: Eine virtuelle Reise zum Erhai-See \u2013 Lesen und das Kulturerbe gemeinsam pflegen","author":"author","date":"2025\u5e745\u670815\u65e5","format":false,"excerpt":"Um mehr jungen Auslandschinesen den Charme der chi\u2026","rel":"","context":"In &quot;\u6700\u65b0\u52a8\u6001-de&quot;","block_context":{"text":"\u6700\u65b0\u52a8\u6001-de","link":"http:\/\/chinesische-sprachschule-stuttgart.de\/de_de\/category\/news-de\/"},"img":{"alt_text":"","src":"https:\/\/i0.wp.com\/chinesische-sprachschule-stuttgart.de\/media\/2025\/06\/wxsync-2025-06-27734f849cd8d762635aa71acc58470b.webp?resize=350%2C200&ssl=1","width":350,"height":200,"srcset":"https:\/\/i0.wp.com\/chinesische-sprachschule-stuttgart.de\/media\/2025\/06\/wxsync-2025-06-27734f849cd8d762635aa71acc58470b.webp?resize=350%2C200&ssl=1 1x, https:\/\/i0.wp.com\/chinesische-sprachschule-stuttgart.de\/media\/2025\/06\/wxsync-2025-06-27734f849cd8d762635aa71acc58470b.webp?resize=525%2C300&ssl=1 1.5x, https:\/\/i0.wp.com\/chinesische-sprachschule-stuttgart.de\/media\/2025\/06\/wxsync-2025-06-27734f849cd8d762635aa71acc58470b.webp?resize=700%2C400&ssl=1 2x, https:\/\/i0.wp.com\/chinesische-sprachschule-stuttgart.de\/media\/2025\/06\/wxsync-2025-06-27734f849cd8d762635aa71acc58470b.webp?resize=1050%2C600&ssl=1 3x"},"classes":[]},{"id":3275,"url":"http:\/\/chinesische-sprachschule-stuttgart.de\/de_de\/2025\/07\/28\/chinesische-elemente-auf-der-jahresabschlussfeier-des-porsche-gymnasiums\/","url_meta":{"origin":1771,"position":2},"title":"Chinesische Elemente auf der Jahresabschlussfeier des Porsche-Gymnasiums","author":"author","date":"2025\u5e747\u670828\u65e5","format":false,"excerpt":"Abschlussfeier am Porsche-Gymnasium: Ein fr\u00f6hliche\u2026","rel":"","context":"In &quot;\u6700\u65b0\u52a8\u6001-de&quot;","block_context":{"text":"\u6700\u65b0\u52a8\u6001-de","link":"http:\/\/chinesische-sprachschule-stuttgart.de\/de_de\/category\/news-de\/"},"img":{"alt_text":"","src":"https:\/\/i0.wp.com\/chinesische-sprachschule-stuttgart.de\/media\/2025\/08\/wxsync-2025-08-148435713c92957c3c1f6f578b9e08bb.webp?resize=350%2C200&ssl=1","width":350,"height":200,"srcset":"https:\/\/i0.wp.com\/chinesische-sprachschule-stuttgart.de\/media\/2025\/08\/wxsync-2025-08-148435713c92957c3c1f6f578b9e08bb.webp?resize=350%2C200&ssl=1 1x, https:\/\/i0.wp.com\/chinesische-sprachschule-stuttgart.de\/media\/2025\/08\/wxsync-2025-08-148435713c92957c3c1f6f578b9e08bb.webp?resize=525%2C300&ssl=1 1.5x, https:\/\/i0.wp.com\/chinesische-sprachschule-stuttgart.de\/media\/2025\/08\/wxsync-2025-08-148435713c92957c3c1f6f578b9e08bb.webp?resize=700%2C400&ssl=1 2x, https:\/\/i0.wp.com\/chinesische-sprachschule-stuttgart.de\/media\/2025\/08\/wxsync-2025-08-148435713c92957c3c1f6f578b9e08bb.webp?resize=1050%2C600&ssl=1 3x"},"classes":[]},{"id":2237,"url":"http:\/\/chinesische-sprachschule-stuttgart.de\/de_de\/2025\/07\/12\/stundenplan-neue-klassen-und-interessenkurse-der-chinesischen-sprachschule-stuttgart-fur-das-schuljahr-2025-2026\/","url_meta":{"origin":1771,"position":3},"title":"Stundenplan, neue Klassen und Interessenkurse der Chinesischen Sprachschule Stuttgart f\u00fcr das Schuljahr 2025\/2026","author":"author","date":"2025\u5e747\u670812\u65e5","format":false,"excerpt":"Chinesische Sprachschule Stuttgart Hauptcampus: Fe\u2026","rel":"","context":"In &quot;\u6700\u65b0\u52a8\u6001-de&quot;","block_context":{"text":"\u6700\u65b0\u52a8\u6001-de","link":"http:\/\/chinesische-sprachschule-stuttgart.de\/de_de\/category\/news-de\/"},"img":{"alt_text":"","src":"https:\/\/i0.wp.com\/chinesische-sprachschule-stuttgart.de\/media\/2025\/07\/wxsync-2025-07-2ab3fe5f4e63d066dc6115cc2c55328b.webp?resize=350%2C200&ssl=1","width":350,"height":200,"srcset":"https:\/\/i0.wp.com\/chinesische-sprachschule-stuttgart.de\/media\/2025\/07\/wxsync-2025-07-2ab3fe5f4e63d066dc6115cc2c55328b.webp?resize=350%2C200&ssl=1 1x, https:\/\/i0.wp.com\/chinesische-sprachschule-stuttgart.de\/media\/2025\/07\/wxsync-2025-07-2ab3fe5f4e63d066dc6115cc2c55328b.webp?resize=525%2C300&ssl=1 1.5x, https:\/\/i0.wp.com\/chinesische-sprachschule-stuttgart.de\/media\/2025\/07\/wxsync-2025-07-2ab3fe5f4e63d066dc6115cc2c55328b.webp?resize=700%2C400&ssl=1 2x"},"classes":[]},{"id":5273,"url":"http:\/\/chinesische-sprachschule-stuttgart.de\/de_de\/2026\/03\/04\/fruhlingsfest-auf-dem-tempelmarkt-in-stuttgart-chinesisches-neujahr-in-der-schule\/","url_meta":{"origin":1771,"position":4},"title":"Fr\u00fchlingsfest auf dem Tempelmarkt in Stuttgart: Chinesisches Neujahr in der Schule","author":"author","date":"2026\u5e743\u67084\u65e5","format":false,"excerpt":"Neujahrstempelmarkt zum Jahr des Pferdes auf dem C\u2026","rel":"","context":"In &quot;\u6700\u65b0\u52a8\u6001-de&quot;","block_context":{"text":"\u6700\u65b0\u52a8\u6001-de","link":"http:\/\/chinesische-sprachschule-stuttgart.de\/de_de\/category\/news-de\/"},"img":{"alt_text":"","src":"","width":0,"height":0},"classes":[]},{"id":106,"url":"http:\/\/chinesische-sprachschule-stuttgart.de\/de_de\/2025\/01\/20\/nanjing-delegation-zu-besuch-austausch-im-bildungsbereich-zwischen-china-und-deutschland\/","url_meta":{"origin":1771,"position":5},"title":"Nanjing-Delegation zu Besuch \u2013 Austausch im Bildungsbereich zwischen China und Deutschland","author":"author","date":"2025\u5e741\u670820\u65e5","format":false,"excerpt":"K\u00fcrzlich reiste eine f\u00fcnfk\u00f6pfige Delegation des Bi\u2026","rel":"","context":"In &quot;\u6700\u65b0\u52a8\u6001-de&quot;","block_context":{"text":"\u6700\u65b0\u52a8\u6001-de","link":"http:\/\/chinesische-sprachschule-stuttgart.de\/de_de\/category\/news-de\/"},"img":{"alt_text":"","src":"https:\/\/i0.wp.com\/chinesische-sprachschule-stuttgart.de\/media\/2025\/01\/nanjingkaochatuan-2e0ac6bc.webp?resize=350%2C200&ssl=1","width":350,"height":200,"srcset":"https:\/\/i0.wp.com\/chinesische-sprachschule-stuttgart.de\/media\/2025\/01\/nanjingkaochatuan-2e0ac6bc.webp?resize=350%2C200&ssl=1 1x, https:\/\/i0.wp.com\/chinesische-sprachschule-stuttgart.de\/media\/2025\/01\/nanjingkaochatuan-2e0ac6bc.webp?resize=525%2C300&ssl=1 1.5x, https:\/\/i0.wp.com\/chinesische-sprachschule-stuttgart.de\/media\/2025\/01\/nanjingkaochatuan-2e0ac6bc.webp?resize=700%2C400&ssl=1 2x"},"classes":[]}],"jetpack_shortlink":"https:\/\/wp.me\/pgAON2-sz","rttpg_featured_image_url":{"full":["https:\/\/chinesische-sprachschule-stuttgart.de\/media\/2025\/06\/wxsync-2025-06-09e70d3bb9c54e3a69e6a7b82e349f83.webp",1080,460,false],"landscape":["https:\/\/chinesische-sprachschule-stuttgart.de\/media\/2025\/06\/wxsync-2025-06-09e70d3bb9c54e3a69e6a7b82e349f83.webp",1080,460,false],"portraits":["https:\/\/chinesische-sprachschule-stuttgart.de\/media\/2025\/06\/wxsync-2025-06-09e70d3bb9c54e3a69e6a7b82e349f83.webp",1080,460,false],"thumbnail":["https:\/\/chinesische-sprachschule-stuttgart.de\/media\/2025\/06\/wxsync-2025-06-09e70d3bb9c54e3a69e6a7b82e349f83-150x150.webp",150,150,true],"medium":["https:\/\/chinesische-sprachschule-stuttgart.de\/media\/2025\/06\/wxsync-2025-06-09e70d3bb9c54e3a69e6a7b82e349f83-300x128.webp",300,128,true],"large":["https:\/\/chinesische-sprachschule-stuttgart.de\/media\/2025\/06\/wxsync-2025-06-09e70d3bb9c54e3a69e6a7b82e349f83-1024x436.webp",1024,436,true],"1536x1536":["https:\/\/chinesische-sprachschule-stuttgart.de\/media\/2025\/06\/wxsync-2025-06-09e70d3bb9c54e3a69e6a7b82e349f83.webp",1080,460,false],"2048x2048":["https:\/\/chinesische-sprachschule-stuttgart.de\/media\/2025\/06\/wxsync-2025-06-09e70d3bb9c54e3a69e6a7b82e349f83.webp",1080,460,false],"trp-custom-language-flag":["https:\/\/chinesische-sprachschule-stuttgart.de\/media\/2025\/06\/wxsync-2025-06-09e70d3bb9c54e3a69e6a7b82e349f83-18x8.webp",18,8,true]},"rttpg_author":{"display_name":"author","author_link":"http:\/\/chinesische-sprachschule-stuttgart.de\/de_de\/author\/author\/"},"rttpg_comment":0,"rttpg_category":"<a href=\"http:\/\/chinesische-sprachschule-stuttgart.de\/de_de\/category\/news-de\/\" rel=\"category tag\">\u6700\u65b0\u52a8\u6001-de<\/a>","rttpg_excerpt":"Am 16. Mai fand der Tag der Ku [&hellip;]","_links":{"self":[{"href":"http:\/\/chinesische-sprachschule-stuttgart.de\/de_de\/wp-json\/wp\/v2\/posts\/1771","targetHints":{"allow":["GET"]}}],"collection":[{"href":"http:\/\/chinesische-sprachschule-stuttgart.de\/de_de\/wp-json\/wp\/v2\/posts"}],"about":[{"href":"http:\/\/chinesische-sprachschule-stuttgart.de\/de_de\/wp-json\/wp\/v2\/types\/post"}],"author":[{"embeddable":true,"href":"http:\/\/chinesische-sprachschule-stuttgart.de\/de_de\/wp-json\/wp\/v2\/users\/3"}],"replies":[{"embeddable":true,"href":"http:\/\/chinesische-sprachschule-stuttgart.de\/de_de\/wp-json\/wp\/v2\/comments?post=1771"}],"version-history":[{"count":1,"href":"http:\/\/chinesische-sprachschule-stuttgart.de\/de_de\/wp-json\/wp\/v2\/posts\/1771\/revisions"}],"predecessor-version":[{"id":1774,"href":"http:\/\/chinesische-sprachschule-stuttgart.de\/de_de\/wp-json\/wp\/v2\/posts\/1771\/revisions\/1774"}],"wp:featuredmedia":[{"embeddable":true,"href":"http:\/\/chinesische-sprachschule-stuttgart.de\/de_de\/wp-json\/wp\/v2\/media\/1607"}],"wp:attachment":[{"href":"http:\/\/chinesische-sprachschule-stuttgart.de\/de_de\/wp-json\/wp\/v2\/media?parent=1771"}],"wp:term":[{"taxonomy":"category","embeddable":true,"href":"http:\/\/chinesische-sprachschule-stuttgart.de\/de_de\/wp-json\/wp\/v2\/categories?post=1771"},{"taxonomy":"post_tag","embeddable":true,"href":"http:\/\/chinesische-sprachschule-stuttgart.de\/de_de\/wp-json\/wp\/v2\/tags?post=1771"}],"curies":[{"name":"wp","href":"https:\/\/api.w.org\/{rel}","templated":true}]}}